{"id":1026,"date":"2026-02-23T16:40:57","date_gmt":"2026-02-23T16:40:57","guid":{"rendered":"http:\/\/www.combactive.fr\/?p=1026"},"modified":"2026-02-23T16:40:57","modified_gmt":"2026-02-23T16:40:57","slug":"ales","status":"publish","type":"post","link":"https:\/\/combactive.fr\/?p=1026","title":{"rendered":"Al\u00e8s"},"content":{"rendered":"<p style=\"text-align: center;\"><span style=\"text-decoration: underline;\"><span style=\"font-size: medium; color: #cc99ff;\"><strong><strong>Un immense merci \u00e0 tous les participants.<\/strong><\/strong><\/span><\/span><\/p>\n<p style=\"text-align: center;\"><span style=\"font-size: medium;\"><strong>Le 31 Mai 2014\u00a0\u00a0Combactive a organis\u00e9 un bus au d\u00e9part de Pontarlier, Besan\u00e7on, Dijon, Lyon pour soutenir le CRAC. <\/strong><\/span><\/p>\n\n<div>\n<p>Il y a beaucoup \u00e0 dire de la manifestation anti-corrida qui s\u2019est d\u00e9roul\u00e9e \u00e0 Al\u00e8s, et tout d\u2019abord un immense merci pour les 5000 manifestants qui ont converg\u00e9 dans la capitale des C\u00e9vennes, battant ainsi le record d\u2019affluence de l\u2019an dernier. Apr\u00e8s Rodilhan en octobre 2013 mise en \u00e9tat de si\u00e8ge par son maire, la crispation parano\u00efaque du pouvoir est mont\u00e9e d\u2019un cran puisque cette fois nous avons eu droit \u00e0 une ville plac\u00e9e sous plan Vigipirate, ce qui nous a cr\u00e9\u00e9 de s\u00e9rieux obstacles. Notre seul regret a \u00e9t\u00e9 de n\u2019avoir pu sauver les taureaux, victimes une fois de plus de cette pratique barbare dont nous obtiendrons t\u00f4t ou tard l\u2019abolition.<\/p>\n<p>Les six taureaux ont \u00e9t\u00e9 tortur\u00e9s et tu\u00e9s. Rien de ce que nous avons fait n\u2019a pu l\u2019emp\u00eacher. L\u2019un de nous, pr\u00e9sent dans les ar\u00e8nes, a film\u00e9 le massacre dans son int\u00e9gralit\u00e9. Il en est ressorti s\u00e9rieusement choqu\u00e9. Sa vid\u00e9o sera bient\u00f4t en ligne. Ce genre de t\u00e9moignage est crucial pour notre cause. Il faut que les gens qui se disent indiff\u00e9rents \u00e0 cette barbarie sachent et voient par eux-m\u00eames.<\/p>\n<p><a href=\"http:\/\/www.anticorrida.com\/IMG\/jpg\/dsc03397p.jpg\" type=\"image\/jpeg\"> <img loading=\"lazy\" decoding=\"async\" alt=\"JPEG\" src=\"http:\/\/www.anticorrida.com\/local\/cache-vignettes\/L590xH216\/dsc03397p-e904e-6729b.jpg\" width=\"590\" height=\"216\" \/> <\/a><\/p>\n<p>En d\u00e9but d\u2019apr\u00e8s-midi, alors que le cort\u00e8ge avan\u00e7ait, deux arr\u00eat\u00e9s nous ont \u00e9t\u00e9 remis, l\u2019un municipal et l\u2019autre pr\u00e9fectoral, pr\u00e9cisant que la ville venait d\u2019\u00eatre plac\u00e9e sous plan Vigipirate sp\u00e9cialement pour nous. Une mesure sans pr\u00e9c\u00e9dent dans l\u2019histoire de la cause animale en g\u00e9n\u00e9ral et de la lutte anti-corrida en particulier. Soulignons que seul le Premier ministre a ce pouvoir dans notre pays. Inutile de rappeler qu\u2019il s\u2019agit de l\u2019aficionado Manuel Valls, qui continue donc \u00e0 vouloir nous freiner au maximum dans nos avanc\u00e9es contre la pratique de s\u00e9vices graves et actes de cruaut\u00e9 sur des animaux, autoris\u00e9e par exception pour cause de tradition locale ininterrompue, la corrida. Ce plan est l\u2019un des outils du dispositif fran\u00e7ais de lutte contre le terrorisme,une mesure totalement disproportionn\u00e9e alors qu\u2019il s\u2019agissait d\u2019une manifestation pacifique parfaitement d\u00e9clar\u00e9e et autoris\u00e9e, qui n\u2019a connu aucun incident s\u00e9rieux.<\/p>\n<p><a href=\"http:\/\/www.anticorrida.com\/IMG\/jpg\/dsc03371p.jpg\" type=\"image\/jpeg\"> <img loading=\"lazy\" decoding=\"async\" alt=\"JPEG\" src=\"http:\/\/www.anticorrida.com\/local\/cache-vignettes\/L590xH220\/dsc03371p-9028c-01fc1.jpg\" width=\"590\" height=\"220\" \/> <\/a><\/p>\n<p>Cela a eu plusieurs cons\u00e9quences directes. La premi\u00e8re c\u2019est que de nombreux fonctionnaires allant du Bureau de Lutte antiterroriste (BLAT) jusqu\u2019au SDIG (renseignements g\u00e9n\u00e9raux) en passant par les CRS et la gendarmerie mobile (300 sur place), ont \u00e9t\u00e9 mobilis\u00e9s, certains depuis plusieurs semaines, pour nous pister de pr\u00e8s et d\u00e9samorcer toutes nos tentatives (ou presque) de mettre sur pied des actions parall\u00e8les \u00e0 la manifestation proprement dite. M.\u00a0Janas, directeur de la S\u00e9curit\u00e9 publique du Gard, nous a aussi parl\u00e9 d\u2019h\u00e9licopt\u00e8res mais nous ne les avons pas vus.<\/p>\n<p>&nbsp;<\/p>\n<p>Le fait que ces actions aient \u00e9t\u00e9 pr\u00e9vues pour \u00eatre \u00e0 la fois l\u00e9gales et pacifiques a donc conduit le pr\u00e9fet du Gard \u00e0 sortir un arr\u00eat\u00e9 pr\u00e9fectoral incroyable dans une d\u00e9mocratie. Il cr\u00e9e en effet le concept de pr\u00e9somption de culpabilit\u00e9\u00a0: si on est pr\u00e9sum\u00e9 anti-corrida et qu\u2019on ach\u00e8te des places pour une corrida, on est consid\u00e9r\u00e9 automatiquement comme des coupables non pas en puissance, mais confirm\u00e9s comme tels et ce, avant d\u2019avoir commis le moindre d\u00e9lit.<\/p>\n<p>Nos juristes vont analyser de pr\u00e8s cet arr\u00eat\u00e9 et toutes les suites n\u00e9cessaires lui seront donn\u00e9es, m\u00eame si cela n\u2019aura des cons\u00e9quences que bien apr\u00e8s la fin de cette manifestation. Pour m\u00e9moire, le pr\u00e9fet des Landes \u00e0 l\u2019\u00e9poque de l\u2019action non d\u00e9clar\u00e9e de Rion des Landes avait, lui, respect\u00e9 strictement la loi et la pr\u00e9somption d\u2019innocence\u00a0: \u00ab\u00a0Nous sommes en France, et [&#8230;] dans notre R\u00e9publique, on ne peut pas pr\u00e9sumer que quelqu\u2019un va commettre une infraction. Il en va de la garantie des libert\u00e9s individuelles.\u00a0\u00bb<\/p>\n<p>Nous avions planifi\u00e9 plusieurs actions dans les ar\u00e8nes, toutes l\u00e9gales et pacifiques. De toute \u00e9vidence, nous ne pouvions pas les expliquer aux milliers de manifestants devant les forces de l\u2019ordre. Il n\u2019est pas question, pour des raisons \u00e9videntes, de vous d\u00e9crire ici en quoi consistaient ces actions puisque l\u2019arr\u00eat\u00e9 pr\u00e9fectoral d\u00e9montre par son contenu que leur nature exacte reste un myst\u00e8re pour les autorit\u00e9s. Et pour cause\u00a0: l\u2019\u00e9quipe restreinte qui les a imagin\u00e9es n\u2019en a jamais parl\u00e9 sur internet (ni mails, ni r\u00e9seaux sociaux), ni par t\u00e9l\u00e9phone (fixe ou portable, plusieurs dizaines d\u2019entre nous \u00e9tant sur \u00e9coute). Tout est pass\u00e9 par des r\u00e9unions physiques dans des locaux s\u00e9curis\u00e9s.<\/p>\n<p><a href=\"http:\/\/www.anticorrida.com\/IMG\/jpg\/dsc03200p-2.jpg\" type=\"image\/jpeg\"> <img loading=\"lazy\" decoding=\"async\" alt=\"JPEG\" src=\"http:\/\/www.anticorrida.com\/local\/cache-vignettes\/L590xH395\/dsc03200p-2-81865-0de39.jpg\" width=\"590\" height=\"395\" \/> <\/a><\/p>\n<p>Les autorit\u00e9s avaient cependant bien conscience que nous allions r\u00e9ussir \u00e0 faire annuler cette corrida. Aussi, le pr\u00e9fet a choisi de rendre purement et simplement invalides les places que nous avions achet\u00e9es. Comment a-t-il su quelles \u00e9taient ses places\u00a0? En supposant que celles achet\u00e9es par quatre d\u2019entre nous, d\u00e9sign\u00e9s comme des \u00ab\u00a0anti-corrida notoires\u00a0\u00bb, \u00e9taient par d\u00e9finition \u00e0 neutraliser. Et comme il se trouve que bien d\u2019autres que ces quatre \u00ab\u00a0notoires\u00a0\u00bb en ont aussi acquises, il a d\u00e9cid\u00e9 de bloquer toutes les s\u00e9ries de places qui avaient \u00e9t\u00e9 achet\u00e9es par paquets de plus de dix. Pourquoi les acheter par paquets\u00a0? Parce que, les places \u00e9tant num\u00e9rot\u00e9es, cela permettait aux militants de ne pas se retrouver isol\u00e9s en terrain nettement hostile, un peu partout autour des ar\u00e8nes. Pr\u00e9cisons que les achats avaient \u00e9t\u00e9 effectu\u00e9s \u00e0 la demande de militants qui souhaitaient entrer dans l\u2019ar\u00e8ne.<\/p>\n<p>Les places n\u2019\u00e9taient pas accessibles \u00e0 la vente par internet. Il fallait forc\u00e9ment que nous nous rendions physiquement \u00e0 l\u2019unique point de vente qui a \u00e9t\u00e9 ouvert deux semaines avant la corrida\u00a0: l\u2019office du tourisme (il est probable que d\u2019autres points de vente ont \u00e9t\u00e9 propos\u00e9s au travers du r\u00e9seau taurin, mais ceux-l\u00e0 nous \u00e9taient bien entendu inaccessibles).<\/p>\n<p>Il va de soi que les places que nous avons achet\u00e9es anonymement ont toutes \u00e9t\u00e9 pay\u00e9es en argent liquide \u2013 il aurait \u00e9t\u00e9 parfaitement stupide de les payer par ch\u00e8que ou carte de cr\u00e9dit. L\u2019ironie de la \u00ab\u00a0m\u00e9thode\u00a0\u00bb choisie par le pr\u00e9fet est que, ce faisant, il a rendu interdites des places achet\u00e9es par des aficionados qui, eux aussi, avaient voulu en acheter un grand nombre \u00e0 la fois pour \u00e9viter de se d\u00e9placer par dizaines de villes voisines jusqu\u2019\u00e0 Al\u00e8s. Ces aficionados ont donc \u00e9t\u00e9 refoul\u00e9s par les agents de s\u00e9curit\u00e9 des ar\u00e8nes qui les ont pris pour des anti-corrida d\u00e9guis\u00e9s.<\/p>\n<p>Soulignons une bizarrerie\u00a0: alors qu\u2019il restait le samedi en d\u00e9but d\u2019apr\u00e8s-midi des piles impressionnantes de billets non vendus, auxquelles se sont ajout\u00e9es les 220 places annul\u00e9es par le pr\u00e9fet, les gradins des ar\u00e8nes \u00e9taient miraculeusement aux trois quarts pleins \u00e0 17h quand a commenc\u00e9 la premi\u00e8re corrida. Distribution gratuite de places pour s\u00e9curiser le remplissage au maximum des ar\u00e8nes\u00a0? On peut le supposer. Toujours est-il que seul un petit groupe de militants a pu entrer mais n\u2019a pas pu tenir tr\u00e8s longtemps \u00e0 l\u2019int\u00e9rieur. Le Midi Libre a m\u00eame parl\u00e9 d\u2019ar\u00e8nes \u00e0 moiti\u00e9 vides.<\/p>\n<p>Tout cela nous a beaucoup appris et nous a donn\u00e9 de nouvelles id\u00e9es pour des actions futures.<\/p>\n<p>Passons aux aspects positifs. Le premier est la mobilisation. Selon des agents des renseignements g\u00e9n\u00e9raux peu avant la manifestation, environ 5000 manifestants ont converg\u00e9 sur Al\u00e8s. De fait, nous \u00e9tions plus nombreux que l\u2019an dernier, formant un cort\u00e8ge de taille impressionnante pendant la d\u00e9ambulation dans les rues de la ville.<\/p>\n<p><a href=\"http:\/\/www.anticorrida.com\/IMG\/jpg\/dsc03303p.jpg\" type=\"image\/jpeg\"> <img loading=\"lazy\" decoding=\"async\" alt=\"JPEG\" src=\"http:\/\/www.anticorrida.com\/local\/cache-vignettes\/L590xH349\/dsc03303p-48c1d-7dbe5.jpg\" width=\"590\" height=\"349\" \/> <\/a><\/p>\n<p>Bien entendu, la police nous a fait savoir que nous \u00e9tions seulement 1400 (devenus 1000 dans la presse locale). Ils reconnaissaient tout de m\u00eame que nous avions battu leur propre d\u00e9compte de 2013 o\u00f9 ils avaient annonc\u00e9 que nous \u00e9tions 1200, un authentique myst\u00e8re si leurs chiffres \u00e9taient vrais puisque nous avions remplis \u00e0 ras bord une avenue de pr\u00e8s de 500 m\u00e8tres en rangs serr\u00e9s \u00e0 dix de front comme le montrent les photos de l\u2019\u00e9poque.<\/p>\n<p>Le second point positif est que nous avons gagn\u00e9 jusqu\u2019\u00e0 200 m\u00e8tres par rapport \u00e0 l\u2019an dernier, nous rapprochant ainsi tr\u00e8s pr\u00e8s des ar\u00e8nes. Certes, nous n\u2019\u00e9tions pas aux abords directs et pas (ou peu) \u00e0 l\u2019int\u00e9rieur mais le bruit de nos sir\u00e8nes, de nos sifflets et de nos slogans a au moins perturb\u00e9 le spectacle morbide qui se d\u00e9roulait pendant ce temps.<\/p>\n<p><a href=\"http:\/\/www.anticorrida.com\/IMG\/jpg\/dsc03384p.jpg\" type=\"image\/jpeg\"> <img loading=\"lazy\" decoding=\"async\" alt=\"JPEG\" src=\"http:\/\/www.anticorrida.com\/local\/cache-vignettes\/L590xH358\/dsc03384p-bd7d8-eeec2.jpg\" width=\"590\" height=\"358\" \/> <\/a><\/p>\n<p>Le troisi\u00e8me motif de satisfaction est le nombre \u00e9lev\u00e9 de messages de soutien que nous avons re\u00e7us sur place \u00e0 la fin de la manif, puis ensuite par mails et r\u00e9seaux sociaux. Nous n\u2019avons toujours pas r\u00e9ussi \u00e0 sauver les taureaux pour qui nous venions, mais nous sommes \u00e0 chaque fois un peu plus pr\u00e8s et un peu plus fort.<\/p>\n<p>La barbarie des ar\u00e8nes va finir par dispara\u00eetre et cela, c\u2019est non seulement parce qu\u2019elle est \u00e9thiquement inacceptable, ce que le grand public per\u00e7oit de plus en plus, mais parce que tous ceux qui, parmi nous, sont des vrais militants que rien ne peut d\u00e9courager (et certainement pas une op\u00e9ration d\u2019achats de billets qui \u00e9choue par abus de pouvoir) ont vu leur d\u00e9termination augmenter encore d\u2019un cran lors de cette journ\u00e9e d\u2019action.<\/p>\n<p>Nous ne l\u00e2cherons jamais avant d\u2019atteindre l\u2019abolition. Jamais.<\/p>\n<p><a href=\"http:\/\/www.anticorrida.com\/IMG\/jpg\/dsc03098p.jpg\" type=\"image\/jpeg\"> <img loading=\"lazy\" decoding=\"async\" alt=\"JPEG\" src=\"http:\/\/www.anticorrida.com\/local\/cache-vignettes\/L590xH463\/dsc03098p-7a9ec-dc062.jpg\" width=\"590\" height=\"463\" \/> <\/a><\/p>\n<p>Sources : http:\/\/www.anticorrida.com\/Roger Lahana<br \/>\nVice-pr\u00e9sident du CRAC Europe<\/p>\n<p><span style=\"font-size: large; color: #99cc00;\"><a href=\"http:\/\/languedoc-roussillon.france3.fr\/2014\/05\/31\/ales-les-anti-defilent-au-cri-de-corrida-basta-488531.html\" target=\"_blank\" rel=\"noopener\"><span style=\"color: #99cc00;\"><span style=\"font-size: x-large;\">Liens :<\/span> <\/span><\/a><\/span><\/p>\n<p><span style=\"font-size: large; color: #99cc00;\"><a href=\"http:\/\/languedoc-roussillon.france3.fr\/2014\/05\/31\/ales-les-anti-defilent-au-cri-de-corrida-basta-488531.html\" target=\"_blank\" rel=\"noopener\"><span style=\"color: #99cc00;\">France 3, Languedoc Roussillon <\/span><\/a><\/span><\/p>\n<p><span style=\"font-size: large; color: #99cc00;\"><a href=\"http:\/\/www.midilibre.fr\/2014\/05\/31\/ales-les-anti-corridas-defilent-en-ville,868295.php\" target=\"_blank\" rel=\"noopener\"><span style=\"color: #99cc00;\">Midi Libre pendant la manifestation<\/span><\/a><\/span><\/p>\n<p><span style=\"font-size: large; color: #99cc00;\"><a href=\"http:\/\/www.midilibre.fr\/2014\/06\/01\/demi-echec-pour-les-anticorridas-a-ales,868496.php\" target=\"_blank\" rel=\"noopener\"><span style=\"color: #99cc00;\">Midi Libre apr\u00e8s la manifestation<\/span><\/a><\/span><\/p>\n<p><span style=\"font-size: large; color: #99cc00;\"><a href=\"http:\/\/luce-lapin-et-copains.com\/2014\/06\/01\/la-corrida-et-les-censeurs\/\" target=\"_blank\" rel=\"noopener\"><span style=\"color: #99cc00;\">Luce Lapin et Copains<\/span><\/a><\/span><\/p>\n<p><span style=\"font-size: large; color: #99cc00;\">\u00a0<\/span><\/p>\n<p>&nbsp;<\/p>\n<\/div>\n<p style=\"text-align: center;\"><span style=\"text-decoration: underline;\">Avant manif<\/span><\/p>\n<p>Pour commencer voici le lien de l&rsquo;event&rsquo; du CRAC :<br \/>\n<a href=\"http:\/\/www.facebook.com\/events\/230385900475518\/239404352907006\/?notif_t=plan_mall_activity\" rel=\"nofollow\">http:\/\/www.facebook.com\/<wbr \/>events\/230385900475518\/<wbr \/>239404352907006\/<wbr \/>?notif_t=plan_mall_activity<\/a><\/p>\n<p>Etant donn\u00e9 que le CRAC ne renouvelle pas son offre de transport cette ann\u00e9e, l&rsquo;association COMBACTIVE propose d&rsquo;organiser un car s&rsquo;il y a assez de militants qui s&rsquo;inscrivent pour le remplir.<\/p>\n<p><strong>PRIX CASSES GRACE A LA GENEROSITE D&rsquo;UN DONNATEUR!<\/strong> Merci de lui faire honneur de par votre pr\u00e9sence.<\/p>\n<p>LE RENDEZ-VOUS EST DONNE A AL\u00c8S DEVANT \u201cLE PARC DU COLOMBIER\u201c SAMEDI 31 MAI 2014 \u00c0 12H00.<\/p>\n<p><strong>D\u00e9parts<\/strong> : Longevilles Mont d&rsquo;Or [proche de la Suisse] (30\u20ac), Besan\u00e7on (30\u20ac), Dijon (25\u20ac), M\u00e2con (25\u20ac), Lyon (25\u20ac), Valence (25\u20ac)<\/p>\n<p>Les horaires communiqu\u00e9s (ci-dessous voir tableau publication ancr\u00e9e) sont pr\u00e9visionnels et peuvent \u00eatre modifi\u00e9s pour les besoins de l\u2019organisation.<img decoding=\"async\" alt=\"\" src=\"http:\/\/fbcdn-sphotos-d-a.akamaihd.net\/hphotos-ak-prn2\/t1.0-9\/1533747_688390084558484_7895518976554611513_n.jpg\" \/><\/p>\n<p>La manifestation ne se d\u00e9roulant cette ann\u00e9e que le samedi, nous repartons le soir m\u00eame (heure de d\u00e9part \u00e0 calculer selon heure d&rsquo;arriv\u00e9e).<\/p>\n<p>Les r\u00e9servations sont prises en compte uniquement lors de r\u00e9ception du paiement (ch\u00e8que accompagn\u00e9 d&rsquo;un petit mot avec nom \/ pr\u00e9nom \/ contacts (tel, facebook, mail) \/ ville d\u00e9part choisie) \u00e0 l&rsquo;ordre de COMBACTIVE, adress\u00e9 \u00e0 :<\/p>\n<p>Maison des Associations Bo\u00eete L4<br \/>\n2, rue des Corroyeurs<br \/>\n21068 DIJON Cedex<\/p>\n<p>AUCUN CH\u00c8QUE N&rsquo;EST ENCAISSE AVANT LA FIN DE L&rsquo;ACTION.<br \/>\nAucun remboursement pour quel que motif que ce soit, SAUF si l&rsquo;action est annul\u00e9e.<\/p>\n<p>Infos:<br \/>\n<a href=\"http:\/\/l.facebook.com\/l.php?u=http%3A%2F%2Fcombactive.fr%2F&amp;h=vAQEW6Ajj&amp;enc=AZOJC1aqPDS4WoaA7BbNsY7wyrmcFCp_coWHkIAxV2bRn3mgIL6CPKOHce63DJSDSIU&amp;s=1\" target=\"_blank\" rel=\"nofollow noopener\">combactive.fr<\/a><\/p>\n<p>100% convivialit\u00e9 garantie !<\/p>\n<p>Et n&rsquo;h\u00e9sitez pas \u00e0 r\u00e9server vos repas (Sandwichs, Barres \u00e9nerg\u00e9tiques, Jus de pommes, Bi\u00e8res, tout V\u00e9g\u00e9 !)<\/p>\n<p>Nous vous remercions de partager cet \u00e9v\u00e9nement et d&rsquo;inviter vos contacts souhaitant profiter du transport !<\/p>\n<p>Pour des questions d&rsquo;organisation, nous vous serions reconnaissants de bien vouloir r\u00e9pondre \u00ab\u00a0OUI\u00a0\u00bb UNIQUEMENT si vous participez physiquement et r\u00e9ellement \u00e0 notre transport !!!<\/p>\n<p>Merci de votre compr\u00e9hension et \u00e0 tr\u00e8s vite, pour Eux! \u2665<\/p>\n<p><span style=\"font-size: large;\">Le lien facebook de l\u2019\u00e9v\u00e9nement <a href=\"http:\/\/www.facebook.com\/events\/627208997315356\/?fref=ts\" target=\"_blank\" rel=\"noopener\"><span style=\"color: #7fb641;\"><strong><span style=\"color: #7fb641;\">ICI<\/span>\u00a0<\/strong><\/span><\/a><\/span>.<a href=\"http:\/\/www.facebook.com\/events\/627208997315356\/?fref=ts\" target=\"_blank\" rel=\"noopener\"><img loading=\"lazy\" decoding=\"async\" class=\"wp-image-1796 alignleft\" alt=\"oeil\" src=\"http:\/\/combactive.fr\/wp-content\/uploads\/2014\/04\/oeil.jpg\" width=\"56\" height=\"56\" \/><\/a><\/p>\n<p>&nbsp;<\/p>\n<p>&nbsp;<\/p>\n<p><strong>\u00a0A<\/strong><b>L\u00c8S ACTE II &#8211; ABOLITION DE LA CORRIDA !<\/b><\/p>\n<p><b><\/b>Si Max Roustan, maire d\u2019Al\u00e8s \u00ab d\u00e9teste \u00bb les corridas (Objectif Gard mars 2014) et en organise depuis 19 ans (de qui se moque-t-on ?). Il a \u00e9t\u00e9 r\u00e9\u00e9lu maire lors du premier tour des \u00e9lections municipales de mars 2014. A nous de lui faire comprendre qu\u2019il doit de lui-m\u00eame abandonner cette pratique barbare et rejoindre Fr\u00e9jus, Fenouillet, Bourg-Madame, Collioure et la Catalogne espagnole qui ont tourn\u00e9 le dos \u00e0 la torture tauromachique au cours des ann\u00e9es 2000. D\u00e8s \u00e0 pr\u00e9sent, vous pouvez lui \u00e9crire (mail, fax et courrier postal) et lui t\u00e9l\u00e9phoner pour lui demander d\u2019arr\u00eater le massacre \u00e0 Al\u00e8s. Il en a le pouvoir. Et de toute fa\u00e7on, soyons nombreux \u00e0 Al\u00e8s le samedi 31 mai 2014 \u00e0 12h00 pour emp\u00eacher le massacre et envahir la ville. En 2014, la tendance 2013 va se confirmer et s\u2019amplifier : la corrida est d\u00e9sormais une source de graves troubles \u00e0 l\u2019ordre public. Il est temps de l\u2019abolir dans les 11 d\u00e9partements contamin\u00e9s du sud de la France.<\/p>\n<p><em>Sources : CRAC<\/em><\/p>\n","protected":false},"excerpt":{"rendered":"<p>Un immense merci \u00e0 tous les participants. Le 31 Mai 2014\u00a0\u00a0Combactive a organis\u00e9 un bus au d\u00e9part de Pontarlier, Besan\u00e7on, Dijon, Lyon pour soutenir le CRAC. Il y a beaucoup \u00e0 dire de la manifestation anti-corrida qui s\u2019est d\u00e9roul\u00e9e \u00e0 Al\u00e8s, et tout d\u2019abord un immense merci pour les 5000 manifestants qui ont converg\u00e9 dans<a class=\"wp-block-latest-posts__read-more\" href=\"https:\/\/combactive.fr\/?p=1026\"> Voir plus +<\/a><\/p>\n","protected":false},"author":1,"featured_media":22638,"comment_status":"closed","ping_status":"closed","sticky":false,"template":"","format":"standard","meta":{"_acf_changed":false,"footnotes":""},"categories":[5],"tags":[],"class_list":["post-1026","post","type-post","status-publish","format-standard","has-post-thumbnail","hentry","category-corrida"],"acf":[],"_links":{"self":[{"href":"https:\/\/combactive.fr\/index.php?rest_route=\/wp\/v2\/posts\/1026","targetHints":{"allow":["GET"]}}],"collection":[{"href":"https:\/\/combactive.fr\/index.php?rest_route=\/wp\/v2\/posts"}],"about":[{"href":"https:\/\/combactive.fr\/index.php?rest_route=\/wp\/v2\/types\/post"}],"author":[{"embeddable":true,"href":"https:\/\/combactive.fr\/index.php?rest_route=\/wp\/v2\/users\/1"}],"replies":[{"embeddable":true,"href":"https:\/\/combactive.fr\/index.php?rest_route=%2Fwp%2Fv2%2Fcomments&post=1026"}],"version-history":[{"count":1,"href":"https:\/\/combactive.fr\/index.php?rest_route=\/wp\/v2\/posts\/1026\/revisions"}],"predecessor-version":[{"id":1739,"href":"https:\/\/combactive.fr\/index.php?rest_route=\/wp\/v2\/posts\/1026\/revisions\/1739"}],"wp:featuredmedia":[{"embeddable":true,"href":"https:\/\/combactive.fr\/index.php?rest_route=\/wp\/v2\/media\/22638"}],"wp:attachment":[{"href":"https:\/\/combactive.fr\/index.php?rest_route=%2Fwp%2Fv2%2Fmedia&parent=1026"}],"wp:term":[{"taxonomy":"category","embeddable":true,"href":"https:\/\/combactive.fr\/index.php?rest_route=%2Fwp%2Fv2%2Fcategories&post=1026"},{"taxonomy":"post_tag","embeddable":true,"href":"https:\/\/combactive.fr\/index.php?rest_route=%2Fwp%2Fv2%2Ftags&post=1026"}],"curies":[{"name":"wp","href":"https:\/\/api.w.org\/{rel}","templated":true}]}}