{"id":1029,"date":"2017-11-17T00:04:04","date_gmt":"2017-11-16T23:04:04","guid":{"rendered":"http:\/\/emagny-elevage-visons.fr\/?p=1029"},"modified":"2017-11-17T00:04:04","modified_gmt":"2017-11-16T23:04:04","slug":"decision-avis-coderst","status":"publish","type":"post","link":"https:\/\/combactive.fr\/?p=1029","title":{"rendered":"D\u00e9cision, Avis du CODERST"},"content":{"rendered":"<p>C\u2019est mardi dans l\u2019apr\u00e8s-midi que s\u2019est r\u00e9uni le CODERST (Conseil d\u00e9partemental de l\u2019environnement, des risques sanitaires et technologiques) \u00e0 Besan\u00e7on pour rendre un dernier avis avant la d\u00e9cision finale du pr\u00e9fet en ce qui concerne le <strong>devenir du tristement c\u00e9l\u00e8bre \u00e9levage de visons d\u2019Emagny<\/strong>.<\/p>\n<h2><strong>C\u2019est une nouvelle grande victoire pour l\u2019environnement et pour la cause animale !<\/strong><\/h2>\n<p>Sur 22 votants, c\u2019est \u00e0 quasiment l\u2019unanimit\u00e9 qu\u2019un refus a retenti et r\u00e9sonne encore \u00e0 nos oreilles.<\/p>\n<p><strong><span style=\"color: #ff0000;\">Refus de r\u00e9gulariser et d\u2019augmenter son effectif \u00e0 18200 animaux encag\u00e9s.<\/span><\/strong><\/p>\n<p>Nous savourons cette belle victoire et tenons \u00e0 remercier tous les pr\u00e9sents et votants au sein du CODERST (enfin surtout les 17 qui ont vot\u00e9 CONTRE).<\/p>\n<p>Cette fois la plupart des votants avaient une ma\u00eetrise tr\u00e8s compl\u00e8te du dossier, ils ont su appr\u00e9cier, la situation dans sa globalit\u00e9 et conclure de la fa\u00e7on la plus logique.<\/p>\n<p><em>Il n\u2019\u00e9tait pas possible imaginer qu\u2019une entreprise si particuli\u00e8re qui \u00e9l\u00e8ve dans des conditions indignes et abat plusieurs milliers d\u2019animaux pour les transformer en accessoires de mode soit r\u00e9gularis\u00e9e et confort\u00e9e dans le non-respect des lois fran\u00e7aises.<\/em><\/p>\n<p><strong><span style=\"color: #808000;\"><span style=\"color: #808000;\">Cet avis corrobore l\u2019avis de la population puisque le sondage lanc\u00e9 en ligne depuis seulement\u00a0une semaine donne un r\u00e9sultat de plus de 2000 personnes qui ont vot\u00e9 POUR la fermeture de l\u2019\u00e9levage d\u2019Emagny.<\/span><\/span><\/strong><\/p>\n<p>Maintenant nous attendons la d\u00e9cision finale de Monsieur le Pr\u00e9fet et continuons notre travail aupr\u00e8s des d\u00e9cideurs politiques pour faire interdire tout simplement les \u00e9levages d\u2019animaux \u00e0 fourrure en France.<\/p>\n<p>Parall\u00e8lement nous continuons \u00e0 informer le public des dessous de la fourrure que ce soit de visons pour un manteau ou de chien viverrin ou d\u2019un autre animal sur un col de doudoune.<\/p>\n<p>Le travail d\u2019information et de mise au grand jour que nous menons depuis d\u00e9but 2012 porte enfin ses fruits.<\/p>\n<p>Il est important de remercier tous nos partenaires, associations ou particuliers qui nous aident partout en France et \u00e0 l&rsquo;\u00e9tranger.<br \/>\nAussi bien en local, les habitants des villages avoisinants sont de plus en plus nombreux \u00e0 nous contacter mais aussi nos associations amies de Paris et d&rsquo;ailleurs pour relayer les informations aupr\u00e8s des grandes instances publiques.<\/p>\n<h2><span style=\"color: #808000;\">C\u2019est tous unis que nous am\u00e9liorerons la condition de vie des plus faibles, des sans voix, nos amis les animaux.<\/span><\/h2>\n<p>&nbsp;<\/p>\n<p><strong><span style=\"color: #99cc00;\">Et comme \u00e0 la fin des courriers on demande toujours des sous !<\/span><\/strong><br \/>\n<strong><span style=\"color: #99cc00;\"> Si vous en avez envie, si vous le pouvez , vous pouvez nous aider :<\/span><\/strong><\/p>\n<p><iframe loading=\"lazy\" id=\"haWidget\" style=\"width: 100%; height: 70px; border: none;\" src=\"http:\/\/www.helloasso.com\/associations\/combactive\/formulaires\/1\/widget-bouton\" width=\"300\" height=\"150\"><\/iframe><\/p>\n","protected":false},"excerpt":{"rendered":"<p>C\u2019est mardi dans l\u2019apr\u00e8s-midi que s\u2019est r\u00e9uni le CODERST (Conseil d\u00e9partemental de l\u2019environnement, des risques sanitaires et technologiques) \u00e0 Besan\u00e7on pour rendre un dernier avis avant la d\u00e9cision finale du pr\u00e9fet en ce qui concerne le devenir du tristement c\u00e9l\u00e8bre \u00e9levage de visons d\u2019Emagny. C\u2019est une nouvelle grande victoire pour l\u2019environnement et pour la cause<a class=\"wp-block-latest-posts__read-more\" href=\"https:\/\/combactive.fr\/?p=1029\"> Voir plus +<\/a><\/p>\n","protected":false},"author":1,"featured_media":22204,"comment_status":"open","ping_status":"closed","sticky":false,"template":"","format":"standard","meta":{"_acf_changed":false,"footnotes":""},"categories":[9],"tags":[],"class_list":["post-1029","post","type-post","status-publish","format-standard","has-post-thumbnail","hentry","category-non-classe"],"acf":[],"_links":{"self":[{"href":"https:\/\/combactive.fr\/index.php?rest_route=\/wp\/v2\/posts\/1029","targetHints":{"allow":["GET"]}}],"collection":[{"href":"https:\/\/combactive.fr\/index.php?rest_route=\/wp\/v2\/posts"}],"about":[{"href":"https:\/\/combactive.fr\/index.php?rest_route=\/wp\/v2\/types\/post"}],"author":[{"embeddable":true,"href":"https:\/\/combactive.fr\/index.php?rest_route=\/wp\/v2\/users\/1"}],"replies":[{"embeddable":true,"href":"https:\/\/combactive.fr\/index.php?rest_route=%2Fwp%2Fv2%2Fcomments&post=1029"}],"version-history":[{"count":0,"href":"https:\/\/combactive.fr\/index.php?rest_route=\/wp\/v2\/posts\/1029\/revisions"}],"wp:featuredmedia":[{"embeddable":true,"href":"https:\/\/combactive.fr\/index.php?rest_route=\/wp\/v2\/media\/22204"}],"wp:attachment":[{"href":"https:\/\/combactive.fr\/index.php?rest_route=%2Fwp%2Fv2%2Fmedia&parent=1029"}],"wp:term":[{"taxonomy":"category","embeddable":true,"href":"https:\/\/combactive.fr\/index.php?rest_route=%2Fwp%2Fv2%2Fcategories&post=1029"},{"taxonomy":"post_tag","embeddable":true,"href":"https:\/\/combactive.fr\/index.php?rest_route=%2Fwp%2Fv2%2Ftags&post=1029"}],"curies":[{"name":"wp","href":"https:\/\/api.w.org\/{rel}","templated":true}]}}