{"id":1730,"date":"2014-05-08T09:49:26","date_gmt":"2014-05-08T08:49:26","guid":{"rendered":"http:\/\/www.combactive.fr\/?p=1730"},"modified":"2014-05-08T09:49:26","modified_gmt":"2014-05-08T08:49:26","slug":"veggie-pride-paris-2014","status":"publish","type":"post","link":"https:\/\/combactive.fr\/?p=1730","title":{"rendered":"Veggie Pride Paris 2014"},"content":{"rendered":"<p><strong><a href=\"http:\/\/combactive.fr\/wp-content\/uploads\/2014\/04\/veggie-2014.jpg\"><img loading=\"lazy\" decoding=\"async\" class=\"size-medium wp-image-1732 alignleft\" alt=\"veggie 2014\" src=\"http:\/\/combactive.fr\/wp-content\/uploads\/2014\/04\/veggie-2014-250x352.jpg\" width=\"250\" height=\"352\" \/><\/a>Venez nombruex avec nous pour la Marche de la Veggie Pride qui se tiendra le samedi 10 mai \u00e0 d\u00e8s 13h30 dans le centre de Paris\u00a0<\/strong><strong>au\u00a0 M\u00e9tro Ch\u00e2telet les Halles, sortie Eustache. <\/strong><\/p>\n<p>Cette ann\u00e9e nous c\u00e9l\u00e9brons la 14\u00e8me \u00e9dition de la Veggie Pride. Ainsi vous \u00eates v\u00e9g\u00e9tarie-en-s, v\u00e9g\u00e9talien-en-s ou encore v\u00e9gan-e-s, peut-\u00eatre m\u00eame en transition, vous \u00eates toutes et tous les bienvenu-e-s pour montrer lors de la Marche \u00e0 Paris qu\u2019il est grand temps de compter sur les v\u00e9g\u00e9tariens au sens large et que la fin de l\u2019exploitation animale pour l\u2019alimentation est possible, il s\u2019agit \u00ab\u00a0juste\u00a0\u00bb d\u2019un choix de soci\u00e9t\u00e9 !<\/p>\n<p>Cette ann\u00e9e, \u00e0 Paris, nous pr\u00e9conisons le Vert\u2026Faisons d\u00e9ferler tou-te-s ensemble une vague verte !<\/p>\n<p>&nbsp;<\/p>\n<p><a href=\"http:\/\/combactive.fr\/wp-content\/uploads\/2014\/04\/veggie-cochon-paris.jpg\"><img loading=\"lazy\" decoding=\"async\" class=\"size-medium wp-image-1733 alignright\" alt=\"veggie cochon paris\" src=\"http:\/\/combactive.fr\/wp-content\/uploads\/2014\/04\/veggie-cochon-paris-250x139.jpg\" width=\"250\" height=\"139\" \/><\/a><\/p>\n<p>Il y aura des mises en sc\u00e8nes tout au long de la journ\u00e9e. Il est pr\u00e9conis\u00e9 cette ann\u00e9e de venir avec des pancartes montrant des visuels d\u00e9cal\u00e9s ou positifs qui incitent \u00e0 ouvrir les yeux aux passant-e-s sans \u00eatre trop accusateurs.<\/p>\n<p>&nbsp;<\/p>\n<p><a href=\"http:\/\/combactive.fr\/wp-content\/uploads\/2014\/04\/salle-\u00e0-Mains-doeuvres.jpg\"><img loading=\"lazy\" decoding=\"async\" class=\"size-medium wp-image-1734 alignleft\" alt=\"salle \u00e0 Mains d'oeuvres\" src=\"http:\/\/combactive.fr\/wp-content\/uploads\/2014\/04\/salle-\u00e0-Mains-doeuvres-250x159.jpg\" width=\"250\" height=\"159\" \/><\/a>Apr\u00e8s la Marche, RDV \u00e0 partir de 18h30 pour le concert after pride \u00e0 Mains d&rsquo;Oeuvres. En concert : France de Griessen, Nanokill et Velvetine. Prix en pr\u00e9vente 6\u20ac ( 10\u20ac sur place ).<\/p>\n<p>&nbsp;<\/p>\n<p>&nbsp;<\/p>\n<p>et le dimanche d\u00e8s 10h00 pour les conf\u00e9rence d\u00e9di\u00e9es \u00e0 l&rsquo;\u00e9thique animale.<\/p>\n<p>&nbsp;<\/p>\n","protected":false},"excerpt":{"rendered":"<p>Venez nombruex avec nous pour la Marche de la Veggie Pride qui se tiendra le samedi 10 mai \u00e0 d\u00e8s 13h30 dans le centre de Paris\u00a0au\u00a0 M\u00e9tro Ch\u00e2telet les Halles, sortie Eustache. Cette ann\u00e9e nous c\u00e9l\u00e9brons la 14\u00e8me \u00e9dition de la Veggie Pride. Ainsi vous \u00eates v\u00e9g\u00e9tarie-en-s, v\u00e9g\u00e9talien-en-s ou encore v\u00e9gan-e-s, peut-\u00eatre m\u00eame en transition,<a class=\"wp-block-latest-posts__read-more\" href=\"https:\/\/combactive.fr\/?p=1730\"> Voir plus +<\/a><\/p>\n","protected":false},"author":1,"featured_media":23305,"comment_status":"closed","ping_status":"closed","sticky":false,"template":"","format":"standard","meta":{"_acf_changed":false,"footnotes":""},"categories":[18],"tags":[],"class_list":["post-1730","post","type-post","status-publish","format-standard","has-post-thumbnail","hentry","category-veggie-pride"],"acf":[],"_links":{"self":[{"href":"https:\/\/combactive.fr\/index.php?rest_route=\/wp\/v2\/posts\/1730","targetHints":{"allow":["GET"]}}],"collection":[{"href":"https:\/\/combactive.fr\/index.php?rest_route=\/wp\/v2\/posts"}],"about":[{"href":"https:\/\/combactive.fr\/index.php?rest_route=\/wp\/v2\/types\/post"}],"author":[{"embeddable":true,"href":"https:\/\/combactive.fr\/index.php?rest_route=\/wp\/v2\/users\/1"}],"replies":[{"embeddable":true,"href":"https:\/\/combactive.fr\/index.php?rest_route=%2Fwp%2Fv2%2Fcomments&post=1730"}],"version-history":[{"count":0,"href":"https:\/\/combactive.fr\/index.php?rest_route=\/wp\/v2\/posts\/1730\/revisions"}],"wp:featuredmedia":[{"embeddable":true,"href":"https:\/\/combactive.fr\/index.php?rest_route=\/wp\/v2\/media\/23305"}],"wp:attachment":[{"href":"https:\/\/combactive.fr\/index.php?rest_route=%2Fwp%2Fv2%2Fmedia&parent=1730"}],"wp:term":[{"taxonomy":"category","embeddable":true,"href":"https:\/\/combactive.fr\/index.php?rest_route=%2Fwp%2Fv2%2Fcategories&post=1730"},{"taxonomy":"post_tag","embeddable":true,"href":"https:\/\/combactive.fr\/index.php?rest_route=%2Fwp%2Fv2%2Ftags&post=1730"}],"curies":[{"name":"wp","href":"https:\/\/api.w.org\/{rel}","templated":true}]}}