{"id":1756,"date":"2014-05-22T09:05:35","date_gmt":"2014-05-22T08:05:35","guid":{"rendered":"http:\/\/www.combactive.fr\/?p=1756"},"modified":"2014-05-22T09:05:35","modified_gmt":"2014-05-22T08:05:35","slug":"foire-tournesol-quetigny-24-25-mai-2014","status":"publish","type":"post","link":"https:\/\/combactive.fr\/?p=1756","title":{"rendered":"Foire Tournesol Qu\u00e9tigny 24 et 25 Mai 2014"},"content":{"rendered":"<p><a href=\"http:\/\/combactive.fr\/wp-content\/uploads\/2014\/04\/Foire-tournesol.jpg\"><img loading=\"lazy\" decoding=\"async\" class=\"size-medium wp-image-1757 alignleft\" alt=\"Foire tournesol\" src=\"http:\/\/combactive.fr\/wp-content\/uploads\/2014\/04\/Foire-tournesol-250x171.jpg\" width=\"250\" height=\"171\" \/><\/a><span style=\"font-size: small;\"><strong><span style=\"background-color: #99cc00;\">Notez bien cette date<\/span> <\/strong>: le 24 et 25 mai 2014, aura lieu la 5\u00e8me foire Tournesol \u00e0 la <\/span><strong>Salle Mend\u00e8s France, 8 rue des Vergers (pr\u00e8s du coll\u00e8ge Jean Rostand) \u00e0 Qu\u00e9tigny<\/strong> (21), <span style=\"font-size: small;\">( samedi 24 mai : 13h30-19h, dimanche 25 mai : 10h-18h ). Dans ce march\u00e9 de produits bio, vous trouverez des fruits et l\u00e9gumes, des c\u00e9r\u00e9ales, des ol\u00e9agineux, des plantes aromatiques et m\u00e9dicinales,\u00a0 des vins, etc. Vous pourrez \u00e9galement rencontrer des associations et organisations environnementales de Bourgogne comme <strong>Combactive,<\/strong> Graines de No\u00e9, Faucheurs volontaires, etc. <\/span><\/p>\n<p><span style=\"font-size: small;\">Il y aura aussi une buvette et de la restauration bio.<\/span><\/p>\n","protected":false},"excerpt":{"rendered":"<p>Notez bien cette date : le 24 et 25 mai 2014, aura lieu la 5\u00e8me foire Tournesol \u00e0 la Salle Mend\u00e8s France, 8 rue des Vergers (pr\u00e8s du coll\u00e8ge Jean Rostand) \u00e0 Qu\u00e9tigny (21), ( samedi 24 mai : 13h30-19h, dimanche 25 mai : 10h-18h ). Dans ce march\u00e9 de produits bio, vous trouverez des<a class=\"wp-block-latest-posts__read-more\" href=\"https:\/\/combactive.fr\/?p=1756\"> Voir plus +<\/a><\/p>\n","protected":false},"author":1,"featured_media":23045,"comment_status":"closed","ping_status":"closed","sticky":false,"template":"","format":"standard","meta":{"_acf_changed":false,"footnotes":""},"categories":[19],"tags":[],"class_list":["post-1756","post","type-post","status-publish","format-standard","has-post-thumbnail","hentry","category-salon-bio"],"acf":[],"_links":{"self":[{"href":"https:\/\/combactive.fr\/index.php?rest_route=\/wp\/v2\/posts\/1756","targetHints":{"allow":["GET"]}}],"collection":[{"href":"https:\/\/combactive.fr\/index.php?rest_route=\/wp\/v2\/posts"}],"about":[{"href":"https:\/\/combactive.fr\/index.php?rest_route=\/wp\/v2\/types\/post"}],"author":[{"embeddable":true,"href":"https:\/\/combactive.fr\/index.php?rest_route=\/wp\/v2\/users\/1"}],"replies":[{"embeddable":true,"href":"https:\/\/combactive.fr\/index.php?rest_route=%2Fwp%2Fv2%2Fcomments&post=1756"}],"version-history":[{"count":0,"href":"https:\/\/combactive.fr\/index.php?rest_route=\/wp\/v2\/posts\/1756\/revisions"}],"wp:featuredmedia":[{"embeddable":true,"href":"https:\/\/combactive.fr\/index.php?rest_route=\/wp\/v2\/media\/23045"}],"wp:attachment":[{"href":"https:\/\/combactive.fr\/index.php?rest_route=%2Fwp%2Fv2%2Fmedia&parent=1756"}],"wp:term":[{"taxonomy":"category","embeddable":true,"href":"https:\/\/combactive.fr\/index.php?rest_route=%2Fwp%2Fv2%2Fcategories&post=1756"},{"taxonomy":"post_tag","embeddable":true,"href":"https:\/\/combactive.fr\/index.php?rest_route=%2Fwp%2Fv2%2Ftags&post=1756"}],"curies":[{"name":"wp","href":"https:\/\/api.w.org\/{rel}","templated":true}]}}