{"id":1761,"date":"2014-06-03T07:40:15","date_gmt":"2014-06-03T06:40:15","guid":{"rendered":"http:\/\/www.combactive.fr\/?p=1761"},"modified":"2014-06-03T07:40:15","modified_gmt":"2014-06-03T06:40:15","slug":"grand-marche-bio-quetigny-15-juin-2014","status":"publish","type":"post","link":"https:\/\/combactive.fr\/?p=1761","title":{"rendered":"Grand March\u00e9 Bio Qu\u00e9tigny, 15 Juin 2014"},"content":{"rendered":"<p><span style=\"color: #000000; background-color: #99cc00;\"><a href=\"http:\/\/combactive.fr\/wp-content\/uploads\/2014\/04\/grand-marche-bio.jpg\"><img loading=\"lazy\" decoding=\"async\" class=\"wp-image-1765 alignleft\" alt=\"grand marche bio\" src=\"http:\/\/combactive.fr\/wp-content\/uploads\/2014\/04\/grand-marche-bio-250x405.jpg\" width=\"134\" height=\"218\" \/><\/a><strong><span style=\"font-size: medium;\">Rendez vous incontournable<\/span><\/strong><\/span> pour Combactive :\u00a0 le <strong>15 Juin<\/strong> 2014, aura lieu le Grand March\u00e9 Bio\u00a0 \u00e0 la <strong>Maison Familiale Rurale &#8211; 33, boulevard de Bellevue \u00e0 QUETIGNY <\/strong>(21). Venez nombreux nous rencontrer de <strong><span style=\"font-size: medium;\">9h30 \u00e0 18h.<\/span><\/strong><\/p>\n<p><span style=\"font-size: medium;\">Nous proposerons une alimentation alternative, stand de cr\u00eapes sucr\u00e9es ou sal\u00e9es, tr\u00e8s originales et go\u00fbteuses. <\/span><a href=\"http:\/\/combactive.fr\/wp-content\/uploads\/2014\/06\/nutbon-.jpg\"><img loading=\"lazy\" decoding=\"async\" class=\"wp-image-1881 alignright\" alt=\"nutbon-\" src=\"http:\/\/combactive.fr\/wp-content\/uploads\/2014\/06\/nutbon--250x250.jpg\" width=\"135\" height=\"135\" \/><\/a><\/p>\n<p style=\"padding-left: 90px;\"><span style=\"color: #000000; background-color: #ff99cc;\">Cot\u00e9 sucr\u00e9<\/span> : cr\u00eape au Nut et Bon \/ confiture maison<\/p>\n<p style=\"padding-left: 90px;\"><span style=\"background-color: #ff99cc;\">Cot\u00e9 sal\u00e9<\/span> : cr\u00eape charcuterie v\u00e9g\u00e9, oignons, roquette<\/p>\n<p><span style=\"font-size: medium;\">Nous proposerons \u00e9galement de la bi\u00e8re, du jus de pommes, et de nombreux produits alimentaires alternatifs.<\/span><\/p>\n<p>Entr\u00e9e gratuite<\/p>\n","protected":false},"excerpt":{"rendered":"<p>Rendez vous incontournable pour Combactive :\u00a0 le 15 Juin 2014, aura lieu le Grand March\u00e9 Bio\u00a0 \u00e0 la Maison Familiale Rurale &#8211; 33, boulevard de Bellevue \u00e0 QUETIGNY (21). Venez nombreux nous rencontrer de 9h30 \u00e0 18h. Nous proposerons une alimentation alternative, stand de cr\u00eapes sucr\u00e9es ou sal\u00e9es, tr\u00e8s originales et go\u00fbteuses. Cot\u00e9 sucr\u00e9 :<a class=\"wp-block-latest-posts__read-more\" href=\"https:\/\/combactive.fr\/?p=1761\"> Voir plus +<\/a><\/p>\n","protected":false},"author":1,"featured_media":23047,"comment_status":"closed","ping_status":"closed","sticky":false,"template":"","format":"standard","meta":{"_acf_changed":false,"footnotes":""},"categories":[19],"tags":[],"class_list":["post-1761","post","type-post","status-publish","format-standard","has-post-thumbnail","hentry","category-salon-bio"],"acf":[],"_links":{"self":[{"href":"https:\/\/combactive.fr\/index.php?rest_route=\/wp\/v2\/posts\/1761","targetHints":{"allow":["GET"]}}],"collection":[{"href":"https:\/\/combactive.fr\/index.php?rest_route=\/wp\/v2\/posts"}],"about":[{"href":"https:\/\/combactive.fr\/index.php?rest_route=\/wp\/v2\/types\/post"}],"author":[{"embeddable":true,"href":"https:\/\/combactive.fr\/index.php?rest_route=\/wp\/v2\/users\/1"}],"replies":[{"embeddable":true,"href":"https:\/\/combactive.fr\/index.php?rest_route=%2Fwp%2Fv2%2Fcomments&post=1761"}],"version-history":[{"count":0,"href":"https:\/\/combactive.fr\/index.php?rest_route=\/wp\/v2\/posts\/1761\/revisions"}],"wp:featuredmedia":[{"embeddable":true,"href":"https:\/\/combactive.fr\/index.php?rest_route=\/wp\/v2\/media\/23047"}],"wp:attachment":[{"href":"https:\/\/combactive.fr\/index.php?rest_route=%2Fwp%2Fv2%2Fmedia&parent=1761"}],"wp:term":[{"taxonomy":"category","embeddable":true,"href":"https:\/\/combactive.fr\/index.php?rest_route=%2Fwp%2Fv2%2Fcategories&post=1761"},{"taxonomy":"post_tag","embeddable":true,"href":"https:\/\/combactive.fr\/index.php?rest_route=%2Fwp%2Fv2%2Ftags&post=1761"}],"curies":[{"name":"wp","href":"https:\/\/api.w.org\/{rel}","templated":true}]}}