{"id":1839,"date":"2014-06-03T09:47:42","date_gmt":"2014-06-03T08:47:42","guid":{"rendered":"http:\/\/www.combactive.fr\/?p=1839"},"modified":"2014-06-03T09:47:42","modified_gmt":"2014-06-03T08:47:42","slug":"marche-fermeture-abattoirs","status":"publish","type":"post","link":"https:\/\/combactive.fr\/?p=1839","title":{"rendered":"Marche pour la Fermeture des abattoirs, Vegan Place, Paris, 14 Juin 2014"},"content":{"rendered":"<p><span style=\"font-size: medium;\"><span style=\"color: #808000;\">Combactive met en place un bus pour se rendre \u00e0 la marche pour la fermeture des abattoirs pour revendiquer l\u2019abolition des pratiques qui causent les plus grands torts aux animaux. Nous serons \u00e9galement\u00a0 pr\u00e9sent\u00a0 \u00e0 la Vegan Place (organis\u00e9 par L214) qui est un nouveau concept alliant militantisme et convivialit\u00e9. Un espace d&rsquo;\u00e9changes entre les acteurs qui participent \u00e0 d\u00e9mocratiser le mode de vie vegan.\u00a0<\/span> <\/span><\/p>\n<p style=\"text-align: center;\"><a href=\"http:\/\/combactive.fr\/events\/marche-fermeture-abattoirs-vegan-place-paris-14-juin-2014\/\" target=\"_blank\" rel=\"noopener\"><span style=\"font-size: large; background-color: #cc99ff;\">Formulaire d&rsquo;inscription ICI<\/span><\/a><\/p>\n<p><strong><span style=\"font-size: x-large; color: #000000; background-color: #99cc00;\">La Marche pour la fermeture des abattoirs <\/span><\/strong><\/p>\n<p style=\"text-align: left; padding-left: 30px;\"><strong><span style=\"font-size: medium;\">Rendez-vous \u00e0 13h30, place de la R\u00e9publique, \u00e0 Paris (m\u00e9tro R\u00e9publique et Temple).<\/span><\/strong><\/p>\n<p style=\"padding-left: 30px; text-align: left;\"><span style=\"font-size: medium;\">La marche pour <\/span><a href=\"http:\/\/combactive.fr\/wp-content\/uploads\/2014\/06\/diapoabattoirs.jpg\"><img loading=\"lazy\" decoding=\"async\" class=\" wp-image-1863 alignleft\" alt=\"diapoabattoirs\" src=\"http:\/\/combactive.fr\/wp-content\/uploads\/2014\/06\/diapoabattoirs-250x98.jpg\" width=\"220\" height=\"86\" \/><\/a><span style=\"font-size: medium;\">les abattoirs a pour ambition de provoquer le d\u00e9bat, de faire r\u00e9fl\u00e9chir \u00e0 la place que nous accordons aujourd&rsquo;hui aux animaux et \u00e0 celle qui pourrait \u00eatre la leur demain. Cette marche se d\u00e9ro<\/span><span style=\"font-size: medium;\">ule dans le cadre des Semaines Mondiales d&rsquo;actions pour l&rsquo;Abolition de la viande. <\/span><span style=\"font-size: medium;\"><br \/>\n<\/span><\/p>\n<p style=\"padding-left: 30px; text-align: left;\"><span style=\"font-size: medium;\">Chaque ann\u00e9e dans le monde, 60 milliards d&rsquo;animaux terrestres et plus de 1000 milliards d&rsquo;animaux aquatiques sont tu\u00e9s, soit 164 millions d&rsquo;animaux terrestres et plus de 2,74 milliards d&rsquo;animaux aquatiques tu\u00e9s chaque jour&#8230;<\/span><\/p>\n<p><span style=\"background-color: #99cc00; color: #000000; font-size: x-large;\"><strong>Vegan Place\u00a0<\/strong><\/span><a href=\"http:\/\/combactive.fr\/wp-content\/uploads\/2014\/06\/PHOa17f90ba-d68d-11e2-975f-48f095ce2843-805x453.jpg\"><img loading=\"lazy\" decoding=\"async\" class=\"wp-image-1868 alignright\" alt=\"PLACE DE LA REPUBLIQUE\" src=\"http:\/\/combactive.fr\/wp-content\/uploads\/2014\/06\/PHOa17f90ba-d68d-11e2-975f-48f095ce2843-805x453-250x140.jpg\" width=\"250\" height=\"140\" \/><\/a><\/p>\n<p style=\"padding-left: 30px;\"><span style=\"font-size: medium;\"><strong>Rende<\/strong><\/span><a href=\"http:\/\/combactive.fr\/wp-content\/uploads\/2014\/06\/Tour-Eiffel1.jpg\"><img loading=\"lazy\" decoding=\"async\" class=\"wp-image-1869 alignleft\" alt=\"Tour-Eiffel1\" src=\"http:\/\/combactive.fr\/wp-content\/uploads\/2014\/06\/Tour-Eiffel1.jpg\" width=\"64\" height=\"201\" \/><\/a><span style=\"font-size: medium;\"><strong>z vous de 13<\/strong><\/span><span style=\"font-size: medium;\"><strong>h30 \u00e0 19h30, place de la R\u00e9publique<\/strong><\/span><\/p>\n<p style=\"padding-left: 30px;\"><span style=\"font-size: medium;\">Une Vegan Place est un moment privil\u00e9gi\u00e9 pour d\u00e9couvrir des pr\u00e9parations 100% v\u00e9g\u00e9tales, pour \u00e9changer <\/span><span style=\"font-size: medium;\">ave<\/span><span style=\"font-size: medium;\">c les associations participant \u00e0 la Marche et pour rencontrer des pr<\/span><span style=\"font-size: medium;\">ofessionnels du secteur vegan. Cette manifestation est organis\u00e9e en compl\u00e9ment de la Marche pour la fermeture des abattoirs.\u00a0<\/span><\/p>\n<p><a href=\"http:\/\/combactive.fr\/wp-content\/uploads\/2014\/06\/tract-annonce-marche-fermeture-abattoirs-2013-verso.png\"><img decoding=\"async\" class=\"alignnone size-medium wp-image-1871\" alt=\"tract-annonce-marche-fermeture-abattoirs-2013-verso\" src=\"http:\/\/combactive.fr\/wp-content\/uploads\/2014\/06\/tract-annonce-marche-fermeture-abattoirs-2013-verso-250x351.png\" \/><\/a><a href=\"http:\/\/combactive.fr\/wp-content\/uploads\/2014\/06\/tract-annonce-marche-fermeture-abattoirs-2013-recto.png\"><img decoding=\"async\" class=\"alignnone size-medium wp-image-1870\" alt=\"tract-annonce-marche-fermeture-abattoirs-2013-recto\" src=\"http:\/\/combactive.fr\/wp-content\/uploads\/2014\/06\/tract-annonce-marche-fermeture-abattoirs-2013-recto-250x351.png\" \/><\/a><\/p>\n<p><span style=\"text-decoration: underline; font-size: medium;\">Pour 2014, cette marche aura lieu\u00a0:<\/span><\/p>\n<ul>\n<li><span style=\"font-size: medium;\">le 7 juin \u00e0 Toulouse<\/span><\/li>\n<li><span style=\"font-size: medium;\">le 14 juin \u00e0 Paris, Toronto, Montr\u00e9al, Sydney, Los Angeles, Cassel (Allemagne) et Istanbul<\/span><\/li>\n<li><span style=\"font-size: medium;\">le 15 juin \u00e0 New York,<\/span><\/li>\n<li><span style=\"font-size: medium;\">le 12 juillet \u00e0 Berne (Suisse).<\/span><\/li>\n<\/ul>\n<p><a href=\"http:\/\/combactive.fr\/wp-content\/uploads\/2014\/06\/banniere-fermons-les-abattoirs-2014-v01_0.png\"><img loading=\"lazy\" decoding=\"async\" class=\"wp-image-1864 aligncenter\" alt=\"banniere-fermons-les-abattoirs-2014-v01_0\" src=\"http:\/\/combactive.fr\/wp-content\/uploads\/2014\/06\/banniere-fermons-les-abattoirs-2014-v01_0-250x52.png\" width=\"388\" height=\"80\" \/><\/a><\/p>\n","protected":false},"excerpt":{"rendered":"<p>Combactive met en place un bus pour se rendre \u00e0 la marche pour la fermeture des abattoirs pour revendiquer l\u2019abolition des pratiques qui causent les plus grands torts aux animaux. Nous serons \u00e9galement\u00a0 pr\u00e9sent\u00a0 \u00e0 la Vegan Place (organis\u00e9 par L214) qui est un nouveau concept alliant militantisme et convivialit\u00e9. Un espace d&rsquo;\u00e9changes entre les<a class=\"wp-block-latest-posts__read-more\" href=\"https:\/\/combactive.fr\/?p=1839\"> Voir plus +<\/a><\/p>\n","protected":false},"author":1,"featured_media":23391,"comment_status":"closed","ping_status":"closed","sticky":false,"template":"","format":"standard","meta":{"_acf_changed":false,"footnotes":""},"categories":[16],"tags":[],"class_list":["post-1839","post","type-post","status-publish","format-standard","has-post-thumbnail","hentry","category-abattoir"],"acf":[],"_links":{"self":[{"href":"https:\/\/combactive.fr\/index.php?rest_route=\/wp\/v2\/posts\/1839","targetHints":{"allow":["GET"]}}],"collection":[{"href":"https:\/\/combactive.fr\/index.php?rest_route=\/wp\/v2\/posts"}],"about":[{"href":"https:\/\/combactive.fr\/index.php?rest_route=\/wp\/v2\/types\/post"}],"author":[{"embeddable":true,"href":"https:\/\/combactive.fr\/index.php?rest_route=\/wp\/v2\/users\/1"}],"replies":[{"embeddable":true,"href":"https:\/\/combactive.fr\/index.php?rest_route=%2Fwp%2Fv2%2Fcomments&post=1839"}],"version-history":[{"count":0,"href":"https:\/\/combactive.fr\/index.php?rest_route=\/wp\/v2\/posts\/1839\/revisions"}],"wp:featuredmedia":[{"embeddable":true,"href":"https:\/\/combactive.fr\/index.php?rest_route=\/wp\/v2\/media\/23391"}],"wp:attachment":[{"href":"https:\/\/combactive.fr\/index.php?rest_route=%2Fwp%2Fv2%2Fmedia&parent=1839"}],"wp:term":[{"taxonomy":"category","embeddable":true,"href":"https:\/\/combactive.fr\/index.php?rest_route=%2Fwp%2Fv2%2Fcategories&post=1839"},{"taxonomy":"post_tag","embeddable":true,"href":"https:\/\/combactive.fr\/index.php?rest_route=%2Fwp%2Fv2%2Ftags&post=1839"}],"curies":[{"name":"wp","href":"https:\/\/api.w.org\/{rel}","templated":true}]}}