{"id":2137,"date":"2014-10-06T08:31:15","date_gmt":"2014-10-06T06:31:15","guid":{"rendered":"http:\/\/www.combactive.fr\/?p=2137"},"modified":"2014-10-06T08:31:15","modified_gmt":"2014-10-06T06:31:15","slug":"emagny","status":"publish","type":"post","link":"https:\/\/combactive.fr\/?p=2137","title":{"rendered":"Manifestation pour la fermeture de l&rsquo;\u00e9levage d&rsquo;Emagny le Samedi 11 Octobre 2014"},"content":{"rendered":"<p style=\"text-align: center;\"><strong><a href=\"http:\/\/combactive.fr\/wp-content\/uploads\/2014\/09\/vison-Emagny.jpg\"><img loading=\"lazy\" decoding=\"async\" class=\"alignleft\" src=\"http:\/\/combactive.fr\/wp-content\/uploads\/2014\/09\/vison-Emagny-250x156.jpg\" alt=\"vison Emagny\" width=\"369\" height=\"229\" \/><\/a><span style=\"font-size: large; color: #e71734;\">Le samedi 11 octobre 2014 aura lieu <\/span><\/strong><span style=\"color: #e71734;\"><strong><span style=\"font-size: large;\">la GRANDE MANIFESTATION UNITAIRE \u00e0 BESAN\u00c7ON<\/span> <\/strong><\/span><\/p>\n<p style=\"text-align: center;\"><span style=\"font-size: medium;\"><strong>pour la <\/strong><\/span><br \/>\n<span style=\"font-size: medium;\"> <strong> FERMETURE DE L\u2019\u00c9LEVAGE DE VISONS, <\/strong><\/span><br \/>\n<span style=\"font-size: medium;\"> <strong> en grande partie ill\u00e9gal, implant\u00e9 \u00e0 Emagny, dans le Doubs.\u00a0<\/strong><\/span><\/p>\n<p><span style=\"color: #e71734; font-size: large;\">Ev\u00e8nement facebook pour s&rsquo;inscrire :<span style=\"background-color: #ffff99;\"><strong><span style=\"text-decoration: underline;\"><a title=\"Evenement facebook Emagny 2014\" href=\"http:\/\/www.facebook.com\/events\/753381968055896\/\" target=\"_blank\" rel=\"noopener\"><span style=\"color: #e71734; text-decoration: underline; background-color: #ffff99;\"> ICI<\/span><\/a><\/span><\/strong><\/span><\/span><\/p>\n<p><span style=\"font-size: large;\"><span style=\"background-color: #99ccff;\">Site offciel pour Emagny :<\/span><span style=\"background-color: #99ccff;\"> <a href=\"http:\/\/www.emagny-elevage-visons.fr\/ttp:\/\/\" target=\"_blank\" rel=\"noopener\"><span style=\"background-color: #99ccff;\">http:\/\/www.emagny-elevage-visons.fr\/<\/span><\/a><\/span><\/span><\/p>\n<p><a href=\"http:\/\/combactive.fr\/reservation-car-paris-auxerre-besancon-fermeture-lelevage-demagny\/\" target=\"_blank\" rel=\"noopener\"><span style=\"font-size: large;\"><span style=\"background-color: #cc99ff;\">Car venant de PARIS :\u00a0\u00a0 <\/span><span style=\"background-color: #cc99ff;\">ICI<\/span><\/span><\/a><\/p>\n<p style=\"text-align: center;\"><span style=\"text-decoration: underline;\"><span style=\"font-size: large;\"><strong>D\u00e9roul\u00e9 de la manifestation<\/strong>\u00a0 (clic gauche pour agrandir)<\/span><\/span><\/p>\n<p><a href=\"http:\/\/combactive.fr\/wp-content\/uploads\/2014\/10\/ASSOC-COMBACTIVE-L136XH241.jpg\"><img loading=\"lazy\" decoding=\"async\" class=\"alignnone wp-image-2345\" src=\"http:\/\/combactive.fr\/wp-content\/uploads\/2014\/10\/ASSOC-COMBACTIVE-L136XH241-250x441.jpg\" alt=\"ASSOC COMBACTIVE L136XH241\" width=\"195\" height=\"341\" \/><\/a><img loading=\"lazy\" decoding=\"async\" class=\"alignnone size-medium wp-image-2301\" src=\"http:\/\/combactive.fr\/wp-content\/uploads\/2014\/09\/dernier-fly-emagny-250x350.jpg\" alt=\"dernier fly emagny\" width=\"205\" height=\"291\" \/> <a href=\"http:\/\/combactive.fr\/wp-content\/uploads\/2014\/09\/dernier-fly-emagny2.jpg\"><img loading=\"lazy\" decoding=\"async\" class=\"alignnone wp-image-2302\" src=\"http:\/\/combactive.fr\/wp-content\/uploads\/2014\/09\/dernier-fly-emagny2-250x350.jpg\" alt=\"dernier fly emagny2\" width=\"202\" height=\"284\" \/><\/a><\/p>\n<p>&nbsp;<\/p>\n<p><span style=\"font-size: medium;\">L&rsquo;artiste <span style=\"font-size: large;\"><strong>Kreezy R<\/strong><\/span> sera pr\u00e9sente et chantera lors de la manifestation le 11 Octobre 2014 \u00e0 Besan\u00e7on pour la fermeture de l&rsquo;\u00e9levage d&rsquo;Emagny.<\/span><\/p>\n<p><iframe loading=\"lazy\" src=\"http:\/\/www.youtube.com\/embed\/lzs_Z5gITTI#t=53\" width=\"425\" height=\"350\" frameborder=\"0\"><\/iframe><\/p>\n<p><span style=\"font-size: medium;\"><strong>Pour le confort des manifestants : VILLAGE ASSOCIATIF et tente avec service repas, boissons, cr\u00eapes, le tout VG.<\/strong><\/span><\/p>\n<p><a href=\"http:\/\/combactive.fr\/wp-content\/uploads\/2014\/09\/2.jpg\"><img loading=\"lazy\" decoding=\"async\" class=\"alignleft\" src=\"http:\/\/combactive.fr\/wp-content\/uploads\/2014\/09\/2.jpg\" alt=\"2\" width=\"474\" height=\"228\" \/><\/a><span style=\"font-size: medium;\">Encore une fois, ce rendez-vous est d\u2019une extr\u00eame importance, nous sommes tr\u00e8s proches du but, proche de la fermeture de ce \u00e9levage de visons, nos amis belges ont r\u00e9ussi \u00e0 emp\u00eacher l\u2019ouverture d\u2019un de ces \u00e9levages, gr\u00e2ce \u00e0 leur mobilisation.<\/span><\/p>\n<p>&nbsp;<\/p>\n<p><em><span style=\"text-decoration: underline;\"><span style=\"font-size: medium;\">\u00a0<strong>Annonce Ch\u00e9rie FM<\/strong><\/span><\/span><\/em><\/p>\n<audio class=\"wp-audio-shortcode\" id=\"audio-2137-1\" preload=\"none\" style=\"width: 100%;\" controls=\"controls\"><source type=\"audio\/mpeg\" src=\"http:\/\/combactive.fr\/wp-content\/uploads\/2014\/10\/DJ-COMBACTIVE-071014LYOT2.mp3?_=1\" \/><a href=\"http:\/\/combactive.fr\/wp-content\/uploads\/2014\/10\/DJ-COMBACTIVE-071014LYOT2.mp3\">http:\/\/combactive.fr\/wp-content\/uploads\/2014\/10\/DJ-COMBACTIVE-071014LYOT2.mp3<\/a><\/audio>\n<p><span style=\"text-decoration: underline;\"><span style=\"font-size: medium;\"><em>\u00a0<strong>Annonce Radio Star<\/strong><\/em><\/span><\/span><\/p>\n<audio class=\"wp-audio-shortcode\" id=\"audio-2137-2\" preload=\"none\" style=\"width: 100%;\" controls=\"controls\"><source type=\"audio\/mpeg\" src=\"http:\/\/combactive.fr\/wp-content\/uploads\/2014\/10\/Combactive-031014-radio-star.mp3?_=2\" \/><a href=\"http:\/\/combactive.fr\/wp-content\/uploads\/2014\/10\/Combactive-031014-radio-star.mp3\">http:\/\/combactive.fr\/wp-content\/uploads\/2014\/10\/Combactive-031014-radio-star.mp3<\/a><\/audio>\n<p>&nbsp;<\/p>\n\n<p>&nbsp;<\/p>\n<p style=\"text-align: center;\">\u00a0<span style=\"font-size: medium;\">J-4 LE SAMEDI 11 OCTOBRE, PARLEZ-EN, VENEZ ET GAGNONS ENSEMBLE !<\/span><\/p>\n<p style=\"text-align: center;\"><span style=\"font-size: large; color: #e71734;\"><strong>Merci \u00e0 tous<\/strong><\/span><\/p>\n<p><span style=\"font-size: medium;\">PARTAGEZ \u00e0 tous vos contacts, vos connaissances, vos proches, vos amis, famille nous devons \u00eatre tellement nombreux que la pr\u00e9fecture devra plier et enfin faire respecter la logique, l\u2019\u00e9thique et la loi.<\/span><br \/>\n<span style=\"font-size: medium;\"> C\u2019est une des manifestations o\u00f9 nous aurons r\u00e9ellement la possibilit\u00e9 de faire fermer un \u00e9levage de la honte ! Mais pour ce faire, il faut \u00eatre tous unis et \u00eatre extr\u00eamement nombreux, faites circuler l\u2019information et demandez-nous des tracts, flyers et affiches pour diffuser chez vous et dans tous vos r\u00e9seaux.<\/span><\/p>\n<p style=\"text-align: center;\"><a href=\"http:\/\/luce-lapin-et-copains.com\/2014\/10\/07\/communique-de-lassociation-combactive\/\" target=\"_blank\" rel=\"noopener\"><img loading=\"lazy\" decoding=\"async\" class=\"size-medium wp-image-2310 aligncenter\" src=\"http:\/\/combactive.fr\/wp-content\/uploads\/2014\/10\/luce-250x250.jpeg\" alt=\"luce\" width=\"250\" height=\"250\" \/>Luce lapin &amp; copains en parlent<\/a><\/p>\n","protected":false},"excerpt":{"rendered":"<p>Le samedi 11 octobre 2014 aura lieu la GRANDE MANIFESTATION UNITAIRE \u00e0 BESAN\u00c7ON pour la FERMETURE DE L\u2019\u00c9LEVAGE DE VISONS, en grande partie ill\u00e9gal, implant\u00e9 \u00e0 Emagny, dans le Doubs.\u00a0 Ev\u00e8nement facebook pour s&rsquo;inscrire : ICI Site offciel pour Emagny : http:\/\/www.emagny-elevage-visons.fr\/ Car venant de PARIS :\u00a0\u00a0 ICI D\u00e9roul\u00e9 de la manifestation\u00a0 (clic gauche pour<a class=\"wp-block-latest-posts__read-more\" href=\"https:\/\/combactive.fr\/?p=2137\"> Voir plus +<\/a><\/p>\n","protected":false},"author":1,"featured_media":25525,"comment_status":"closed","ping_status":"closed","sticky":false,"template":"","format":"standard","meta":{"_acf_changed":false,"footnotes":""},"categories":[11],"tags":[],"class_list":["post-2137","post","type-post","status-publish","format-standard","has-post-thumbnail","hentry","category-emagny-2"],"acf":[],"_links":{"self":[{"href":"https:\/\/combactive.fr\/index.php?rest_route=\/wp\/v2\/posts\/2137","targetHints":{"allow":["GET"]}}],"collection":[{"href":"https:\/\/combactive.fr\/index.php?rest_route=\/wp\/v2\/posts"}],"about":[{"href":"https:\/\/combactive.fr\/index.php?rest_route=\/wp\/v2\/types\/post"}],"author":[{"embeddable":true,"href":"https:\/\/combactive.fr\/index.php?rest_route=\/wp\/v2\/users\/1"}],"replies":[{"embeddable":true,"href":"https:\/\/combactive.fr\/index.php?rest_route=%2Fwp%2Fv2%2Fcomments&post=2137"}],"version-history":[{"count":0,"href":"https:\/\/combactive.fr\/index.php?rest_route=\/wp\/v2\/posts\/2137\/revisions"}],"wp:featuredmedia":[{"embeddable":true,"href":"https:\/\/combactive.fr\/index.php?rest_route=\/wp\/v2\/media\/25525"}],"wp:attachment":[{"href":"https:\/\/combactive.fr\/index.php?rest_route=%2Fwp%2Fv2%2Fmedia&parent=2137"}],"wp:term":[{"taxonomy":"category","embeddable":true,"href":"https:\/\/combactive.fr\/index.php?rest_route=%2Fwp%2Fv2%2Fcategories&post=2137"},{"taxonomy":"post_tag","embeddable":true,"href":"https:\/\/combactive.fr\/index.php?rest_route=%2Fwp%2Fv2%2Ftags&post=2137"}],"curies":[{"name":"wp","href":"https:\/\/api.w.org\/{rel}","templated":true}]}}