{"id":2198,"date":"2014-10-13T19:11:37","date_gmt":"2014-10-13T17:11:37","guid":{"rendered":"http:\/\/www.combactive.fr\/?p=2198"},"modified":"2014-10-13T19:11:37","modified_gmt":"2014-10-13T17:11:37","slug":"manifestation-contre-chasse-18-octobre-paris","status":"publish","type":"post","link":"https:\/\/combactive.fr\/?p=2198","title":{"rendered":"Manifestation contre la chasse le 18 Octobre \u00e0 Paris"},"content":{"rendered":"<p style=\"padding-left: 30px;\"><a href=\"http:\/\/combactive.fr\/wp-content\/uploads\/2014\/09\/vs-hunting.jpg\"><img loading=\"lazy\" decoding=\"async\" class=\" wp-image-2199 alignleft\" alt=\"vs hunting\" src=\"http:\/\/combactive.fr\/wp-content\/uploads\/2014\/09\/vs-hunting-250x285.jpg\" width=\"267\" height=\"304\" \/><\/a><span style=\"font-size: medium;\">Suite \u00e0 la premi\u00e8re manifestation du 21\/09\/2013, s&rsquo;est cr\u00e9\u00e9 le Collectif du 21 Septembre, un collectif d&rsquo;associations dont Combactive et de particuliers pour sortir de la chasse et du pi\u00e9geage cruel d&rsquo;animaux (adh\u00e9sion gratuite) : <a href=\"http:\/\/www.collectifdu21septembre.org\/\" target=\"_blank\" rel=\"noopener\">http:\/\/www.collectifdu21septembre.org\/<\/a><\/span><\/p>\n<div id=\"id_5400a9a0cbc161066071311\" style=\"padding-left: 30px;\"><span style=\"font-size: medium; color: #000000; background-color: #99cc00;\">Cette ann\u00e9e, le rassemblement se tiendra samedi 18 Octobre.<\/span><\/div>\n<div id=\"id_5400a9a0cbc161066071311\" style=\"padding-left: 30px;\"><span style=\"font-size: medium; color: #000000; background-color: #99cc00;\"> Nous vous donnons rendez-vous \u00e0 14h, Place de la R\u00e9publique \u00e0 Paris.<\/span><span style=\"font-size: medium;\"> Avec la pr\u00e9sence du rappeur RES.<\/span><\/p>\n<p><span style=\"font-size: medium;\"> Tout le monde est bien s\u00fbr invit\u00e9 \u00e0 ce rassemblement, nos voix de la paix doivent se faire davantage entendre que les coups de fusil !<\/span><br \/>\n<span style=\"font-size: medium;\"> L\u2019\u00c9tat doit arr\u00eater de confier la gestion de la Nature aux chasseurs !<\/span><\/p>\n<\/div>\n<div style=\"padding-left: 30px;\"><\/div>\n<div style=\"padding-left: 30px;\"><\/div>\n","protected":false},"excerpt":{"rendered":"<p>Suite \u00e0 la premi\u00e8re manifestation du 21\/09\/2013, s&rsquo;est cr\u00e9\u00e9 le Collectif du 21 Septembre, un collectif d&rsquo;associations dont Combactive et de particuliers pour sortir de la chasse et du pi\u00e9geage cruel d&rsquo;animaux (adh\u00e9sion gratuite) : http:\/\/www.collectifdu21septembre.org\/ Cette ann\u00e9e, le rassemblement se tiendra samedi 18 Octobre. Nous vous donnons rendez-vous \u00e0 14h, Place de la R\u00e9publique<a class=\"wp-block-latest-posts__read-more\" href=\"https:\/\/combactive.fr\/?p=2198\"> Voir plus +<\/a><\/p>\n","protected":false},"author":1,"featured_media":23461,"comment_status":"closed","ping_status":"closed","sticky":false,"template":"","format":"standard","meta":{"_acf_changed":false,"footnotes":""},"categories":[20],"tags":[],"class_list":["post-2198","post","type-post","status-publish","format-standard","has-post-thumbnail","hentry","category-chasse"],"acf":[],"_links":{"self":[{"href":"https:\/\/combactive.fr\/index.php?rest_route=\/wp\/v2\/posts\/2198","targetHints":{"allow":["GET"]}}],"collection":[{"href":"https:\/\/combactive.fr\/index.php?rest_route=\/wp\/v2\/posts"}],"about":[{"href":"https:\/\/combactive.fr\/index.php?rest_route=\/wp\/v2\/types\/post"}],"author":[{"embeddable":true,"href":"https:\/\/combactive.fr\/index.php?rest_route=\/wp\/v2\/users\/1"}],"replies":[{"embeddable":true,"href":"https:\/\/combactive.fr\/index.php?rest_route=%2Fwp%2Fv2%2Fcomments&post=2198"}],"version-history":[{"count":0,"href":"https:\/\/combactive.fr\/index.php?rest_route=\/wp\/v2\/posts\/2198\/revisions"}],"wp:featuredmedia":[{"embeddable":true,"href":"https:\/\/combactive.fr\/index.php?rest_route=\/wp\/v2\/media\/23461"}],"wp:attachment":[{"href":"https:\/\/combactive.fr\/index.php?rest_route=%2Fwp%2Fv2%2Fmedia&parent=2198"}],"wp:term":[{"taxonomy":"category","embeddable":true,"href":"https:\/\/combactive.fr\/index.php?rest_route=%2Fwp%2Fv2%2Fcategories&post=2198"},{"taxonomy":"post_tag","embeddable":true,"href":"https:\/\/combactive.fr\/index.php?rest_route=%2Fwp%2Fv2%2Ftags&post=2198"}],"curies":[{"name":"wp","href":"https:\/\/api.w.org\/{rel}","templated":true}]}}