{"id":2268,"date":"2014-09-23T11:28:18","date_gmt":"2014-09-23T09:28:18","guid":{"rendered":"http:\/\/www.combactive.fr\/?p=2268"},"modified":"2014-09-23T11:28:18","modified_gmt":"2014-09-23T09:28:18","slug":"journee-mondiale-animaux-lausanne-04-10-2014","status":"publish","type":"post","link":"https:\/\/combactive.fr\/?p=2268","title":{"rendered":"JOURNEE MONDIALE DES ANIMAUX : Lausanne 04.10.2014"},"content":{"rendered":"<p style=\"padding-left: 30px; text-align: center;\"><span style=\"font-size: medium;\">\u00a0Combactive r\u00e9po<a href=\"http:\/\/combactive.fr\/wp-content\/uploads\/2014\/09\/xxx.jpg\"><img loading=\"lazy\" decoding=\"async\" class=\" wp-image-2270 alignleft\" alt=\"xxx\" src=\"http:\/\/combactive.fr\/wp-content\/uploads\/2014\/09\/xxx-250x58.jpg\" width=\"336\" height=\"78\" \/><\/a>nd pr\u00e9sent au cot\u00e9 de l&rsquo;association Animus Cause\u00a0\u00a0\u00a0\u00a0 Animale, \u00e0 la journ\u00e9e Mondiale des Animaux \u00e0 Lausanne le 4 Octobre 2014, \u00e0 16h00, Place de la Riponne.<\/span><\/p>\n<p>Combactive organise un mini bus pour l&rsquo;occasion, d\u00e9part de Dijon, si vous \u00eates int\u00e9ress\u00e9 par ce transport, contactez nous \u00e0 <span style=\"background-color: #99ccff;\"><a href=\"mailto:contact@combactive.fr\" target=\"_blank\" rel=\"noopener\"><span style=\"background-color: #99ccff;\">contact@combactive.fr<\/span><\/a><\/span><\/p>\n<p><span style=\"text-decoration: underline;\">D\u00e9roul\u00e9 de la manifestation :<\/span><\/p>\n<ul>\n<li>15h40 Mise en place des stands<\/li>\n<li>16h00 Arriv\u00e9e des manifestants<\/li>\n<li>16h30 Discours de bienvenue et pr\u00e9sentation de la JMDA<\/li>\n<li>16h45 mise en place du cort\u00e8ge ( ESPACEMENT ENTRE ASSOCIATION 5 M )<\/li>\n<li>17h00 D\u00e9part du cort\u00e8ge en ville de Lausanne<\/li>\n<li>18h00 Arriv\u00e9e du Cort\u00e8ge sur la place de la riponne<\/li>\n<li>18h15 Discours<\/li>\n<li>18h30 D\u00e9monstration &amp; Animation<\/li>\n<li>19h00 D\u00e9monstration &amp; Animation<\/li>\n<li>19h30 Discours<\/li>\n<li>20h00 Fin de la manifestation<\/li>\n<\/ul>\n<p>Code vestimentaire rouge et noir, des tee shirt pour l&rsquo;occassion.<\/p>\n<p>Une surprise lors de cette journ\u00e9e vous attend !<\/p>\n","protected":false},"excerpt":{"rendered":"<p>\u00a0Combactive r\u00e9pond pr\u00e9sent au cot\u00e9 de l&rsquo;association Animus Cause\u00a0\u00a0\u00a0\u00a0 Animale, \u00e0 la journ\u00e9e Mondiale des Animaux \u00e0 Lausanne le 4 Octobre 2014, \u00e0 16h00, Place de la Riponne. Combactive organise un mini bus pour l&rsquo;occasion, d\u00e9part de Dijon, si vous \u00eates int\u00e9ress\u00e9 par ce transport, contactez nous \u00e0 contact@combactive.fr D\u00e9roul\u00e9 de la manifestation : 15h40<a class=\"wp-block-latest-posts__read-more\" href=\"https:\/\/combactive.fr\/?p=2268\"> Voir plus +<\/a><\/p>\n","protected":false},"author":1,"featured_media":23463,"comment_status":"closed","ping_status":"closed","sticky":false,"template":"","format":"standard","meta":{"_acf_changed":false,"footnotes":""},"categories":[8],"tags":[],"class_list":["post-2268","post","type-post","status-publish","format-standard","has-post-thumbnail","hentry","category-exploitation-animale"],"acf":[],"_links":{"self":[{"href":"https:\/\/combactive.fr\/index.php?rest_route=\/wp\/v2\/posts\/2268","targetHints":{"allow":["GET"]}}],"collection":[{"href":"https:\/\/combactive.fr\/index.php?rest_route=\/wp\/v2\/posts"}],"about":[{"href":"https:\/\/combactive.fr\/index.php?rest_route=\/wp\/v2\/types\/post"}],"author":[{"embeddable":true,"href":"https:\/\/combactive.fr\/index.php?rest_route=\/wp\/v2\/users\/1"}],"replies":[{"embeddable":true,"href":"https:\/\/combactive.fr\/index.php?rest_route=%2Fwp%2Fv2%2Fcomments&post=2268"}],"version-history":[{"count":0,"href":"https:\/\/combactive.fr\/index.php?rest_route=\/wp\/v2\/posts\/2268\/revisions"}],"wp:featuredmedia":[{"embeddable":true,"href":"https:\/\/combactive.fr\/index.php?rest_route=\/wp\/v2\/media\/23463"}],"wp:attachment":[{"href":"https:\/\/combactive.fr\/index.php?rest_route=%2Fwp%2Fv2%2Fmedia&parent=2268"}],"wp:term":[{"taxonomy":"category","embeddable":true,"href":"https:\/\/combactive.fr\/index.php?rest_route=%2Fwp%2Fv2%2Fcategories&post=2268"},{"taxonomy":"post_tag","embeddable":true,"href":"https:\/\/combactive.fr\/index.php?rest_route=%2Fwp%2Fv2%2Ftags&post=2268"}],"curies":[{"name":"wp","href":"https:\/\/api.w.org\/{rel}","templated":true}]}}