{"id":2285,"date":"2014-09-24T21:49:19","date_gmt":"2014-09-24T19:49:19","guid":{"rendered":"http:\/\/www.combactive.fr\/?p=2285"},"modified":"2014-09-24T21:49:19","modified_gmt":"2014-09-24T19:49:19","slug":"reservation-car-paris-auxerre-besancon-fermeture-lelevage-demagny","status":"publish","type":"post","link":"https:\/\/combactive.fr\/?p=2285","title":{"rendered":"R\u00e9servation Car Paris-Auxerre-Besan\u00e7on pour la fermeture de l&rsquo;\u00e9levage d&rsquo;Emagny"},"content":{"rendered":"<p style=\"text-align: center;\"><a href=\"http:\/\/combactive.fr\/wp-content\/uploads\/2014\/09\/visuel-car-paris-fb.jpg\"><img loading=\"lazy\" decoding=\"async\" class=\"alignleft\" alt=\"visuel car paris fb\" src=\"http:\/\/combactive.fr\/wp-content\/uploads\/2014\/09\/visuel-car-paris-fb-250x187.jpg\" width=\"242\" height=\"179\" \/><\/a><span style=\"font-size: x-large;\">CAR Paris-Auxerre-Besan\u00e7on<\/span><\/p>\n<p style=\"text-align: center;\"><span style=\"font-size: x-large; background-color: #cc99ff;\"><a href=\"http:\/\/www.emagny-elevage-visons.fr\/index.php?p=1_9_Car-et-Covoiturage\" target=\"_blank\" rel=\"noopener\"><span style=\"background-color: #cc99ff;\">ICI : Site officiel <\/span><\/a><\/span><\/p>\n<p style=\"text-align: center;\"><span style=\"font-size: x-large;\">11 Octobre 2014<\/span><\/p>\n<p style=\"text-align: center;\"><span style=\"font-size: x-large;\">Grande marche pour la fermeture de l&rsquo;\u00e9levage d&rsquo;Emagny<\/span><\/p>\n<div><span style=\"font-size: medium;\">Un car est pr\u00e9vu au d\u00e9part de Paris avec une escale \u00e0 Auxerre pour la manifestation anti-fourrure \u00e0 Besan\u00e7on.<\/span><\/div>\n<div><span style=\"font-size: medium;\">Le d\u00e9part de Paris est fix\u00e9 \u00e0 7h00 (pr\u00e9voyez d&rsquo;\u00eatre pr\u00e9sent 15 minutes avant), le retour vers 22h30.<\/span><br \/>\n<span style=\"font-size: medium;\"> Les points de rendez-vous seront pr\u00e9cis\u00e9s prochainement.<\/span><\/div>\n<div><span style=\"font-size: medium;\"><strong>R\u00e9servez votre place au plus vite en proc\u00e9dant au paiement comme indiqu\u00e9 ci-dessous (Attention, le nombre de places est limit\u00e9 !).<\/strong><\/span><\/div>\n<div><span style=\"font-size: medium;\">Le prix est de 35 euros par personne<\/span><\/div>\n<p><span style=\"background-color: #cc99ff; font-size: medium;\">&#8211; par paypal<\/span><\/p>\n<form action=\"http:\/\/www.paypal.com\/cgi-bin\/webscr\" method=\"post\"><input type=\"hidden\" name=\"cmd\" value=\"_s-xclick\" \/> <input type=\"hidden\" name=\"hosted_button_id\" value=\"ZKRP2M59SJKYN\" \/><\/p>\n<table>\n<tbody>\n<tr>\n<td><input type=\"hidden\" name=\"on0\" value=\"Nombre de places\" \/>Nombre de places<\/td>\n<\/tr>\n<tr>\n<td><select name=\"os0\"><option value=\"1\">1 \u20ac35,00 EUR<\/option><option value=\"2\">2 \u20ac70,00 EUR<\/option><option value=\"3\">3 \u20ac105,00 EUR<\/option><\/select><\/td>\n<\/tr>\n<\/tbody>\n<\/table>\n<p><input type=\"hidden\" name=\"currency_code\" value=\"EUR\" \/> <input type=\"image\" alt=\"PayPal - la solution de paiement en ligne la plus simple et la plus s\u00e9curis\u00e9e !\" name=\"submit\" src=\"http:\/\/www.paypalobjects.com\/fr_FR\/FR\/i\/btn\/btn_buynowCC_LG.gif\" \/> <img loading=\"lazy\" decoding=\"async\" alt=\"\" src=\"http:\/\/www.paypalobjects.com\/fr_FR\/i\/scr\/pixel.gif\" width=\"1\" height=\"1\" border=\"0\" \/><\/p>\n<\/form>\n<p><span style=\"background-color: #cc99ff; font-size: medium;\">&#8211; <span style=\"background-color: #cc99ff;\">par ch\u00e8que \u00e0 l&rsquo;ordre de Combactive<\/span>. A envoyer avec le nom du ou des participants, un mail et\/ou un t\u00e9l\u00e9phone pour en confirmer la bonne r\u00e9ception \u00e0 :<\/span><\/p>\n<div><span style=\"font-size: medium;\">Association Combactive<\/span><\/div>\n<div><span style=\"font-size: medium;\">Maison des Associations<\/span><\/div>\n<div><span style=\"font-size: medium;\">Bo\u00eete L4<\/span><\/div>\n<div><span style=\"font-size: medium;\">2 rue des Corroyeurs<\/span><\/div>\n<div><span style=\"font-size: medium;\">21068 DIJON Cedex<\/span><\/div>\n<div><span style=\"font-size: medium;\">Pour un autre moyen de paiement ou toute question, merci de nous contacter sur <a href=\"mailto:contact@emagny-elevage-visons.fr\">contact@emagny-elevage-visons.fr<\/a><\/span><\/div>\n<div><\/div>\n<div><\/div>\n<p><span style=\"font-size: medium;\"><img loading=\"lazy\" decoding=\"async\" alt=\"\" src=\"http:\/\/www.paypalobjects.com\/fr_FR\/i\/scr\/pixel.gif\" width=\"1\" height=\"1\" border=\"0\" \/><\/span><\/p>\n","protected":false},"excerpt":{"rendered":"<p>CAR Paris-Auxerre-Besan\u00e7on ICI : Site officiel 11 Octobre 2014 Grande marche pour la fermeture de l&rsquo;\u00e9levage d&rsquo;Emagny Un car est pr\u00e9vu au d\u00e9part de Paris avec une escale \u00e0 Auxerre pour la manifestation anti-fourrure \u00e0 Besan\u00e7on. Le d\u00e9part de Paris est fix\u00e9 \u00e0 7h00 (pr\u00e9voyez d&rsquo;\u00eatre pr\u00e9sent 15 minutes avant), le retour vers 22h30. Les<a class=\"wp-block-latest-posts__read-more\" href=\"https:\/\/combactive.fr\/?p=2285\"> Voir plus +<\/a><\/p>\n","protected":false},"author":1,"featured_media":24578,"comment_status":"closed","ping_status":"closed","sticky":false,"template":"","format":"standard","meta":{"_acf_changed":false,"footnotes":""},"categories":[11],"tags":[],"class_list":["post-2285","post","type-post","status-publish","format-standard","has-post-thumbnail","hentry","category-emagny-2"],"acf":[],"_links":{"self":[{"href":"https:\/\/combactive.fr\/index.php?rest_route=\/wp\/v2\/posts\/2285","targetHints":{"allow":["GET"]}}],"collection":[{"href":"https:\/\/combactive.fr\/index.php?rest_route=\/wp\/v2\/posts"}],"about":[{"href":"https:\/\/combactive.fr\/index.php?rest_route=\/wp\/v2\/types\/post"}],"author":[{"embeddable":true,"href":"https:\/\/combactive.fr\/index.php?rest_route=\/wp\/v2\/users\/1"}],"replies":[{"embeddable":true,"href":"https:\/\/combactive.fr\/index.php?rest_route=%2Fwp%2Fv2%2Fcomments&post=2285"}],"version-history":[{"count":0,"href":"https:\/\/combactive.fr\/index.php?rest_route=\/wp\/v2\/posts\/2285\/revisions"}],"wp:featuredmedia":[{"embeddable":true,"href":"https:\/\/combactive.fr\/index.php?rest_route=\/wp\/v2\/media\/24578"}],"wp:attachment":[{"href":"https:\/\/combactive.fr\/index.php?rest_route=%2Fwp%2Fv2%2Fmedia&parent=2285"}],"wp:term":[{"taxonomy":"category","embeddable":true,"href":"https:\/\/combactive.fr\/index.php?rest_route=%2Fwp%2Fv2%2Fcategories&post=2285"},{"taxonomy":"post_tag","embeddable":true,"href":"https:\/\/combactive.fr\/index.php?rest_route=%2Fwp%2Fv2%2Ftags&post=2285"}],"curies":[{"name":"wp","href":"https:\/\/api.w.org\/{rel}","templated":true}]}}