{"id":2453,"date":"2015-01-24T20:45:19","date_gmt":"2015-01-24T18:45:19","guid":{"rendered":"http:\/\/www.combactive.fr\/?p=2453"},"modified":"2015-01-24T20:45:19","modified_gmt":"2015-01-24T18:45:19","slug":"avocats-animaux-fourrure-video-dailymotion-2","status":"publish","type":"post","link":"https:\/\/combactive.fr\/?p=2453","title":{"rendered":"Stand Anti fourrure Vesoul 10.01Besan\u00e7on 24.01.15"},"content":{"rendered":"<h4 style=\"text-align: center;\">\u00a0<strong><span style=\"font-size: large;\">Stand anti fourrure \u00e0 Besan\u00e7on<\/span> <\/strong><\/h4>\n<p>&nbsp;<\/p>\n<p><a href=\"http:\/\/combactive.fr\/wp-content\/uploads\/2015\/01\/bee.jpg\"><img decoding=\"async\" class=\"aligncenter size-full wp-image-2555\" alt=\"bee\" src=\"http:\/\/combactive.fr\/wp-content\/uploads\/2015\/01\/bee.jpg\" \/><\/a><\/p>\n<p style=\"text-align: center;\"><span style=\"font-size: large;\"><strong>Stand anti fourrure \u00e0 Vesoul <\/strong><\/span><\/p>\n<p style=\"text-align: center;\"><iframe loading=\"lazy\" src=\"\/\/www.dailymotion.com\/embed\/video\/x2efgin\" height=\"270\" width=\"480\" allowfullscreen=\"\" frameborder=\"0\"><\/iframe><br \/>\n<a href=\"http:\/\/www.dailymotion.com\/video\/x2efgin_avocats-des-animaux-a-fourrure_news\" target=\"_blank\" rel=\"noopener\">AVOCATS DES ANIMAUX A FOURRURE<\/a> <i>par <a href=\"http:\/\/www.dailymotion.com\/PRESSEVESOUL\" target=\"_blank\" rel=\"noopener\">PRESSEVESOUL<\/a><\/i><\/p>\n<p><a href=\"http:\/\/combactive.fr\/wp-content\/uploads\/2015\/01\/10403129_728759613878007_321000734137192695_n.jpg\"><img decoding=\"async\" class=\"aligncenter\" alt=\"10403129_728759613878007_321000734137192695_n\" src=\"http:\/\/combactive.fr\/wp-content\/uploads\/2015\/01\/10403129_728759613878007_321000734137192695_n.jpg\" \/><\/a><\/p>\n<p><span style=\"background-color: #99cc00;\"><a href=\"http:\/\/www.estrepublicain.fr\/haute-saone\/2015\/01\/10\/la-journee-anti-fourrure\" target=\"_blank\" rel=\"noopener\"><span style=\"background-color: #99cc00;\">Article de l&rsquo;Est R\u00e9publicain<\/span><\/a><\/span><\/p>\n<p>Ce samedi, les associations Combactive et Fourrure Torture ont distribu\u00e9, place Edwige-Feuill\u00e8re de 14 h \u00e0 17 h, des tracts sur les conditions &#8230;<\/p>\n<h4 style=\"text-align: center;\"><strong><span style=\"font-size: large;\"><br \/>\n<\/span> <\/strong><\/h4>\n<p><strong>\u00a0<\/strong><\/p>\n","protected":false},"excerpt":{"rendered":"<p>\u00a0Stand anti fourrure \u00e0 Besan\u00e7on &nbsp; Stand anti fourrure \u00e0 Vesoul AVOCATS DES ANIMAUX A FOURRURE par PRESSEVESOUL Article de l&rsquo;Est R\u00e9publicain Ce samedi, les associations Combactive et Fourrure Torture ont distribu\u00e9, place Edwige-Feuill\u00e8re de 14 h \u00e0 17 h, des tracts sur les conditions &#8230; \u00a0<\/p>\n","protected":false},"author":1,"featured_media":23525,"comment_status":"closed","ping_status":"closed","sticky":false,"template":"","format":"standard","meta":{"_acf_changed":false,"footnotes":""},"categories":[9],"tags":[],"class_list":["post-2453","post","type-post","status-publish","format-standard","has-post-thumbnail","hentry","category-non-classe"],"acf":[],"_links":{"self":[{"href":"https:\/\/combactive.fr\/index.php?rest_route=\/wp\/v2\/posts\/2453","targetHints":{"allow":["GET"]}}],"collection":[{"href":"https:\/\/combactive.fr\/index.php?rest_route=\/wp\/v2\/posts"}],"about":[{"href":"https:\/\/combactive.fr\/index.php?rest_route=\/wp\/v2\/types\/post"}],"author":[{"embeddable":true,"href":"https:\/\/combactive.fr\/index.php?rest_route=\/wp\/v2\/users\/1"}],"replies":[{"embeddable":true,"href":"https:\/\/combactive.fr\/index.php?rest_route=%2Fwp%2Fv2%2Fcomments&post=2453"}],"version-history":[{"count":0,"href":"https:\/\/combactive.fr\/index.php?rest_route=\/wp\/v2\/posts\/2453\/revisions"}],"wp:featuredmedia":[{"embeddable":true,"href":"https:\/\/combactive.fr\/index.php?rest_route=\/wp\/v2\/media\/23525"}],"wp:attachment":[{"href":"https:\/\/combactive.fr\/index.php?rest_route=%2Fwp%2Fv2%2Fmedia&parent=2453"}],"wp:term":[{"taxonomy":"category","embeddable":true,"href":"https:\/\/combactive.fr\/index.php?rest_route=%2Fwp%2Fv2%2Fcategories&post=2453"},{"taxonomy":"post_tag","embeddable":true,"href":"https:\/\/combactive.fr\/index.php?rest_route=%2Fwp%2Fv2%2Ftags&post=2453"}],"curies":[{"name":"wp","href":"https:\/\/api.w.org\/{rel}","templated":true}]}}