{"id":2459,"date":"2015-02-10T21:15:59","date_gmt":"2015-02-10T19:15:59","guid":{"rendered":"http:\/\/www.combactive.fr\/?p=2459"},"modified":"2015-02-10T21:15:59","modified_gmt":"2015-02-10T19:15:59","slug":"bus-combactive-manif-contre-ferme-1000-veaux-creuse","status":"publish","type":"post","link":"https:\/\/combactive.fr\/?p=2459","title":{"rendered":"GRANDE MANIFESTATION UNITAIRE contre la Ferme des 1000 veaux en Creuse !"},"content":{"rendered":"<p style=\"text-align: center;\"><span style=\"font-size: large;\"><strong>Combactive y \u00e9tait,<\/strong><\/span><\/p>\n<p style=\"text-align: center;\"><span style=\"font-size: large;\">le samedi 31 janvier 2015 <\/span><\/p>\n<p style=\"text-align: center;\"><span style=\"font-size: large;\">\u00e0 la Courtine<strong><br \/>\n<\/strong><\/span><\/p>\n<p style=\"text-align: center;\"><span style=\"font-size: large;\">organis\u00e9e par le <strong>collectif OEDA<\/strong><\/span><\/p>\n<p><a href=\"http:\/\/combactive.fr\/wp-content\/uploads\/2015\/01\/DSC_5793_-\u00aeJCChampeau-copie_modifi\u00e9-1.jpg\"><img decoding=\"async\" class=\"aligncenter size-full wp-image-2605\" alt=\"DSC_5793_-\u00aeJCChampeau copie_modifi\u00e9-1\" src=\"http:\/\/combactive.fr\/wp-content\/uploads\/2015\/01\/DSC_5793_-\u00aeJCChampeau-copie_modifi\u00e9-1.jpg\" \/><\/a><\/p>\n<h1><span style=\"font-size: small;\"><b>Pr\u00e8s de 400 personnes ont brav\u00e9 le froid et les routes enneig\u00e9es pour venir r\u00e9clamer l&rsquo;abandon du projet de Ferme de 1000 veaux \u00e0 St Martial le Vieux, dans La Creuse au cot\u00e9 du collectif OEDA, m\u00e9dias et associations \u00e9taient au rendez vous.<\/b><\/span><\/h1>\n<h1><span style=\"font-size: small;\">Une contre manifestation a eu lieu sur le site du projet : quelques membres de la Coordination Rurale \u00e9taient pr\u00e9sents pour r\u00e9clamer une \u00ab\u00a0Zone d&rsquo;Agriculture Libre\u00a0\u00bb, en r\u00e9ponse \u00e0 l&rsquo;annonce de ZAD si le projet avance.<br \/>\n<\/span><\/h1>\n<p style=\"text-align: center;\"><span style=\"font-size: large;\"><strong><span style=\"text-decoration: underline;\">Infos sur le centre d&rsquo;engraissement de plus de 1000 veaux\u00a0<\/span> <\/strong><\/span><\/p>\n<p>Des veaux entass\u00e9s dans des hangars, gav\u00e9s au ma\u00efs et soja OGM. Par ailleurs, nous n&rsquo;avons aucune garantie quant au mode d&rsquo;abattage, il se pourrait que les veaux soient \u00e9gorg\u00e9s en pleine conscience.<br \/>\nOn passe d&rsquo;un syst\u00e8me artisanal et familial \u00e0 un syst\u00e8me industriel, symbole de l&rsquo;exploitation de l&rsquo;animal \u00e0 outrance et de graves r\u00e9percussions sur l&rsquo;environnement.<br \/>\nProjet port\u00e9 par un collectif d&rsquo;\u00e9leveurs, la SAS Alliance Millevaches, avec lequel le Groupe Les Mousquetaires Intermarch\u00e9 vient de signer un contrat exclusif, il pourrait \u00eatre subventionn\u00e9 \u00e0 hauteur de 625000 euros par l\u2019\u00c9tat (Conseil R\u00e9gional, Conseil G\u00e9n\u00e9ral, Minist\u00e8re de la D\u00e9fense). Le Conseil R\u00e9gional h\u00e9site et prendra une d\u00e9cision fin janvier.<\/p>\n<h1><span style=\"font-size: medium;\">Le Groupe INTERMARCHE encourage l&rsquo;\u00e9levage intensif et \u00e9gorge les animaux en pleine conscience !<\/span><\/h1>\n<p>&nbsp;<\/p>\n<p><a href=\"http:\/\/combactive.fr\/wp-content\/uploads\/2015\/02\/IMG_2259.jpg\"><img loading=\"lazy\" decoding=\"async\" class=\"aligncenter  wp-image-2638\" alt=\"IMG_2259\" src=\"http:\/\/combactive.fr\/wp-content\/uploads\/2015\/02\/IMG_2259.jpg\" width=\"445\" height=\"332\" \/><\/a> <a href=\"http:\/\/combactive.fr\/wp-content\/uploads\/2015\/02\/IMG_2261.jpg\"><img loading=\"lazy\" decoding=\"async\" class=\"aligncenter  wp-image-2639\" alt=\"IMG_2261\" src=\"http:\/\/combactive.fr\/wp-content\/uploads\/2015\/02\/IMG_2261.jpg\" width=\"446\" height=\"336\" \/><\/a><\/p>\n<p><a href=\"http:\/\/combactive.fr\/wp-content\/uploads\/2015\/01\/Manif1000veaux1-300x225.jpg\"><img loading=\"lazy\" decoding=\"async\" class=\"aligncenter  wp-image-2609\" alt=\"Manif1000veaux1-300x225\" src=\"http:\/\/combactive.fr\/wp-content\/uploads\/2015\/01\/Manif1000veaux1-300x225.jpg\" width=\"455\" height=\"343\" \/><\/a><\/p>\n<p><a href=\"http:\/\/combactive.fr\/wp-content\/uploads\/2015\/01\/20140120-Veau-boucherie-watier.jpg\"><img decoding=\"async\" class=\"aligncenter size-full wp-image-2607\" alt=\"20140120-Veau-boucherie-watier\" src=\"http:\/\/combactive.fr\/wp-content\/uploads\/2015\/01\/20140120-Veau-boucherie-watier.jpg\" \/><\/a><\/p>\n","protected":false},"excerpt":{"rendered":"<p>Combactive y \u00e9tait, le samedi 31 janvier 2015 \u00e0 la Courtine organis\u00e9e par le collectif OEDA Pr\u00e8s de 400 personnes ont brav\u00e9 le froid et les routes enneig\u00e9es pour venir r\u00e9clamer l&rsquo;abandon du projet de Ferme de 1000 veaux \u00e0 St Martial le Vieux, dans La Creuse au cot\u00e9 du collectif OEDA, m\u00e9dias et associations<a class=\"wp-block-latest-posts__read-more\" href=\"https:\/\/combactive.fr\/?p=2459\"> Voir plus +<\/a><\/p>\n","protected":false},"author":1,"featured_media":23494,"comment_status":"closed","ping_status":"closed","sticky":false,"template":"","format":"standard","meta":{"_acf_changed":false,"footnotes":""},"categories":[16],"tags":[],"class_list":["post-2459","post","type-post","status-publish","format-standard","has-post-thumbnail","hentry","category-abattoir"],"acf":[],"_links":{"self":[{"href":"https:\/\/combactive.fr\/index.php?rest_route=\/wp\/v2\/posts\/2459","targetHints":{"allow":["GET"]}}],"collection":[{"href":"https:\/\/combactive.fr\/index.php?rest_route=\/wp\/v2\/posts"}],"about":[{"href":"https:\/\/combactive.fr\/index.php?rest_route=\/wp\/v2\/types\/post"}],"author":[{"embeddable":true,"href":"https:\/\/combactive.fr\/index.php?rest_route=\/wp\/v2\/users\/1"}],"replies":[{"embeddable":true,"href":"https:\/\/combactive.fr\/index.php?rest_route=%2Fwp%2Fv2%2Fcomments&post=2459"}],"version-history":[{"count":0,"href":"https:\/\/combactive.fr\/index.php?rest_route=\/wp\/v2\/posts\/2459\/revisions"}],"wp:featuredmedia":[{"embeddable":true,"href":"https:\/\/combactive.fr\/index.php?rest_route=\/wp\/v2\/media\/23494"}],"wp:attachment":[{"href":"https:\/\/combactive.fr\/index.php?rest_route=%2Fwp%2Fv2%2Fmedia&parent=2459"}],"wp:term":[{"taxonomy":"category","embeddable":true,"href":"https:\/\/combactive.fr\/index.php?rest_route=%2Fwp%2Fv2%2Fcategories&post=2459"},{"taxonomy":"post_tag","embeddable":true,"href":"https:\/\/combactive.fr\/index.php?rest_route=%2Fwp%2Fv2%2Ftags&post=2459"}],"curies":[{"name":"wp","href":"https:\/\/api.w.org\/{rel}","templated":true}]}}