{"id":2485,"date":"2015-01-28T21:38:03","date_gmt":"2015-01-28T19:38:03","guid":{"rendered":"http:\/\/www.combactive.fr\/?p=2485"},"modified":"2015-01-28T21:38:03","modified_gmt":"2015-01-28T19:38:03","slug":"fearyland-en-images-video-25-01-15","status":"publish","type":"post","link":"https:\/\/combactive.fr\/?p=2485","title":{"rendered":"Combactive fait son cin\u00e9ma ! 25.01.15"},"content":{"rendered":"<p style=\"text-align: center;\"><span style=\"font-size: large;\">\u00ab\u00a0Fearyland\u00a0\u00bb en images et <\/span><\/p>\n<p style=\"text-align: center;\"><span style=\"font-size: large;\">Sayn\u00e8te en avant premi\u00e8re \u00ab\u00a0Au secours Pelisse \u00ab\u00a0<span style=\"font-size: small;\">(Pi\u00e8ce d&rsquo;Agn\u00e8s Meyniel)<\/span><br \/>\n<\/span><\/p>\n<p><iframe loading=\"lazy\" src=\"\/\/www.dailymotion.com\/embed\/video\/x2fuy84\" height=\"270\" width=\"480\" allowfullscreen=\"\" frameborder=\"0\"><\/iframe><br \/>\n<a href=\"http:\/\/www.dailymotion.com\/video\/x2fuy84_saynete-au-secours-pelisse-paris-pour-fearyland_animals\" target=\"_blank\" rel=\"noopener\">sayn\u00e8te au secours pelisse paris pour fearyland<\/a> <i>par <a href=\"http:\/\/www.dailymotion.com\/contact472\" target=\"_blank\" rel=\"noopener\">contact472<\/a><\/i><\/p>\n\n<p><strong>Pour tous les d\u00e9fenseurs des animaux, \u00ab\u00a0Faeryland\u00a0\u00bb est l\u2019\u00e9v\u00e8nement \u00e0 ne pas manquer\u00a0: dimanche 25 janvier d\u00e8s 13h, rendez-vous au Trocad\u00e9ro, <\/strong>face \u00e0 la tour Eiffel, pour une grande action de sensibilisation r\u00e9unissant l\u2019ensemble des fondamentaux de la cause animale.<\/p>\n<p>Et si nos amis animaux faisaient partie de la f\u00eate Faeryland (film de Mag\u00e0 Ettori sur le th\u00e8me de la protection animale) ? Apr\u00e8s 7 mois d&rsquo;amiti\u00e9, de partage, de travail, de solidarit\u00e9, de miracles, de passion et d&rsquo;impossible challenges (tous r\u00e9ussis), l&rsquo;incroyable aventure de Faeryland s&rsquo;ach\u00e8vera le dimanche 25 janvier au Trocad\u00e9ro, face \u00e0 la tour Eiffel. De 13h \u00e0 16h nous serons avec l&rsquo;ensemble des d\u00e9fenseurs de la cause animale dans une action de sensibilisation. Cette manifestation sera film\u00e9e pour les besoins de Faeryland.<\/p>\n<p><a href=\"http:\/\/combactive.fr\/wp-content\/uploads\/2015\/01\/Faeryland-1.jpg\"><img decoding=\"async\" alt=\"Faeryland 1\" src=\"http:\/\/combactive.fr\/wp-content\/uploads\/2015\/01\/Faeryland-1.jpg\" \/><\/a><\/p>\n<h2>PAROLE DE R\u00c9ALISATEUR<\/h2>\n<p>&nbsp;<\/p>\n<p>Nous devons changer nos comportements et respecter toute forme de vie. Le racisme, la x\u00e9nophobie, l&rsquo;homophobie, le sexisme sont des aberrations mentales&#8230; le sp\u00e9cisme aussi ! Les animaux ne sont pas n\u00e9s pour notre alimentation, notre habillement, nos loisirs ou nos exp\u00e9riences scientifiques. L&#8217;empathie et la compassion sont des vertus n\u00e9cessaires \u00e0 la construction d&rsquo;une Humanit\u00e9 meilleure, car il n&rsquo;est de pire aveugle que celui qui ne veut pas voir. Ne fermez plus les yeux, ne fermons plus les yeux sur le g\u00e9nocide animal.<br \/>\n<strong>Mag\u00e0 Ettori<\/strong><br \/>\n<strong>auteur, r\u00e9alisateur, producteur, pr\u00e9sident de<\/strong><br \/>\n<strong>l&rsquo;Institut Citoyen du Cin\u00e9ma et de l&rsquo;audiovisuel<\/strong><\/p>\n<p>Tous ces aspects qui constituent la cause animale seront \u00e9voqu\u00e9s au cours de cette grande <strong>manifestation<\/strong> \u00e0 laquelle les plus importantes <strong>associations<\/strong> participeront. De nombreux happenings seront programme. L\u2019occasion de venir militer pour la cause animale dans ce qu\u2019elle a de plus global, et non pas simplement pour l\u2019une ou l\u2019autre de ses composantes.<\/p>\n<p>&nbsp;<\/p>\n<h2>Tournage d\u2019un film<\/h2>\n<p>&nbsp;<\/p>\n<p>&nbsp;<\/p>\n<p>Cet \u00e9v\u00e8nement s\u2019inscrit dans le cadre du tournage de \u00ab\u00a0<strong><em>The man who dreamed of Faeryland\u00a0<\/em><\/strong>\u00bb, de Mag\u00e0 Ettori, un <strong>film<\/strong> onirique qui traite des relations entre les dieux, les humains et les animaux, et dont une s\u00e9quence sera tourn\u00e9e lors de la manifestation.<\/p>\n<p>&nbsp;<\/p>\n<p>Faeryland, c\u2019est \u00ab\u00a0<em>un monde id\u00e9al et juste o\u00f9 les animaux, les dieux et les humains vivaient en harmonie. Puis l\u2019envie et la jalousie prirent le dessus, et firent basculer Faeryland dans la guerre, le conflit, la souffrance. Une trag\u00e9die dont personne ne sort grandi, qui ne sert qu\u2019un int\u00e9r\u00eat\u00a0: celui du plus fort\u00a0<\/em>\u00bb, explique le r\u00e9alisateur.<\/p>\n<p>&nbsp;<\/p>\n<p>Mag\u00e0 Ettori dirige depuis vingt ans l\u2019Institut Citoyen du Cin\u00e9ma et de l\u2019Audiovisuel, un organisme qui travaille autour des questions de la diversit\u00e9 dans le cin\u00e9ma. Apr\u00e8s s\u2019\u00eatre int\u00e9ress\u00e9 au <strong>sp\u00e9cisme<\/strong> et \u00e0 la condition animale au cours d\u2019une enqu\u00eate de longue haleine, il est devenu <strong>v\u00e9g\u00e9tarien<\/strong>, puis a \u00ab\u00a0<em>\u00e9prouv\u00e9 le besoin en tant que cin\u00e9aste d\u2019exprimer son malaise<\/em>\u00a0\u00bb. C\u2019est ainsi qu\u2019il imagina <strong>Faeryland<\/strong>, ce <strong>monde idyllique o\u00f9 les hommes, les dieux et les animaux sont en qu\u00eate d\u2019un \u00e9quilibre<\/strong>. S\u2019il s\u2019agit du cinquanti\u00e8me film du r\u00e9alisateur, c\u2019est pour lui \u00ab\u00a0<em>sans doute le plus important<\/em>\u00a0\u00bb du fait du th\u00e8me abord\u00e9.<\/p>\n<p>&nbsp;<\/p>\n<p>Soutenu par le philosophe et moine bouddhiste Matthieu Ricard ainsi que par des dizaines de personnalit\u00e9s, <a href=\"http:\/\/lagazetteanimale.com\/cause-animale-grande-manifestation-prevue-dimanche-25-janvier-au-trocadero\/www.maga-ettori.com\" target=\"_blank\" rel=\"noopener\">Mag\u00e0 Ettori <\/a>esp\u00e8re, notamment \u00e0 travers son film, \u00ab\u00a0<em><strong>faire avancer la cause animale<\/strong> en mettant en l<span style=\"font-size:0px; color:#ff0000;\">\ufeff<a href=\"http:\/\/www.cialismo.com\/\">\u7280\u5229\u58eb<\/a><br \/>\n<\/span>umi\u00e8re l\u2019incroyable engagement des associations partenaires et des militants qui les animent\u00a0<\/em>\u00bb.<\/p>\n<p>&nbsp;<\/p>\n<h2>SYNOPSIS DE \u00ab\u00a0The man who dreamed of Faeryland\u00a0\u00bb<\/h2>\n<p>&nbsp;<\/p>\n<p>&nbsp;<\/p>\n<p>Au commencement \u00e9tait le druide Cathbaad, dieu de la vie, ma\u00eetre du temps, protecteur de l\u2019Humanit\u00e9 et du monde animal. Les d\u00e9esses de Faeryland \u00e9taient toutes amoureuses de Cathbaad, particuli\u00e8rement la reine Ness. Cette derni\u00e8re d\u00e9testait Aisling, une humaine qui avait les faveurs du druide. Une haine qui ne pouvait conduire qu\u2019\u00e0 l\u2019irr\u00e9parable dans la d\u00e9mesure de Faeryland. Au commencement \u00e9tait l\u2019harmonie, l\u2019amour et la fraternit\u00e9, puis vinrent la jalousie, la d\u00e9fiance et la guerre. De la mythologie celte \u00e0 l\u2019\u00e9poque contemporaine, le parcours du druide Cathbaad illustre des mill\u00e9naires de combats et de pr\u00e9dation r\u00e9git par la loi du plus fort.<\/p>\n<h2>A 16h<\/h2>\n<p>&nbsp;<\/p>\n<p>pr\u00e9cises, juste apr\u00e8s la dispersion de la manifestation, Jacques Viallon, un photographe de renom va immortaliser cette action unique en son genre. Les propri\u00e9taires d&rsquo;animaux sont invit\u00e9s \u00e0 nous rejoindre pour capturer cet instant unique&#8230; le rendez-vous est donc pris avec les acteurs du film, les militants de la cause et l&rsquo;ensemble des animaux qui accepteront de pr\u00eater leur image pour un tournage inter-esp\u00e8ces.<\/p>\n<p><a href=\"http:\/\/combactive.fr\/wp-content\/uploads\/2015\/01\/Faeryland.jpg\"><img decoding=\"async\" alt=\"Faeryland\" src=\"http:\/\/combactive.fr\/wp-content\/uploads\/2015\/01\/Faeryland.jpg\" \/><\/a><\/p>\n<p>&nbsp;<\/p>\n<p>&nbsp;<\/p>\n<p>&nbsp;<\/p>\n","protected":false},"excerpt":{"rendered":"<p>\u00ab\u00a0Fearyland\u00a0\u00bb en images et Sayn\u00e8te en avant premi\u00e8re \u00ab\u00a0Au secours Pelisse \u00ab\u00a0(Pi\u00e8ce d&rsquo;Agn\u00e8s Meyniel) sayn\u00e8te au secours pelisse paris pour fearyland par contact472 Pour tous les d\u00e9fenseurs des animaux, \u00ab\u00a0Faeryland\u00a0\u00bb est l\u2019\u00e9v\u00e8nement \u00e0 ne pas manquer\u00a0: dimanche 25 janvier d\u00e8s 13h, rendez-vous au Trocad\u00e9ro, face \u00e0 la tour Eiffel, pour une grande action de sensibilisation<a class=\"wp-block-latest-posts__read-more\" href=\"https:\/\/combactive.fr\/?p=2485\"> Voir plus +<\/a><\/p>\n","protected":false},"author":1,"featured_media":23511,"comment_status":"closed","ping_status":"closed","sticky":false,"template":"","format":"standard","meta":{"_acf_changed":false,"footnotes":""},"categories":[4,7],"tags":[],"class_list":["post-2485","post","type-post","status-publish","format-standard","has-post-thumbnail","hentry","category-faeryland","category-fourrure"],"acf":[],"_links":{"self":[{"href":"https:\/\/combactive.fr\/index.php?rest_route=\/wp\/v2\/posts\/2485","targetHints":{"allow":["GET"]}}],"collection":[{"href":"https:\/\/combactive.fr\/index.php?rest_route=\/wp\/v2\/posts"}],"about":[{"href":"https:\/\/combactive.fr\/index.php?rest_route=\/wp\/v2\/types\/post"}],"author":[{"embeddable":true,"href":"https:\/\/combactive.fr\/index.php?rest_route=\/wp\/v2\/users\/1"}],"replies":[{"embeddable":true,"href":"https:\/\/combactive.fr\/index.php?rest_route=%2Fwp%2Fv2%2Fcomments&post=2485"}],"version-history":[{"count":0,"href":"https:\/\/combactive.fr\/index.php?rest_route=\/wp\/v2\/posts\/2485\/revisions"}],"wp:featuredmedia":[{"embeddable":true,"href":"https:\/\/combactive.fr\/index.php?rest_route=\/wp\/v2\/media\/23511"}],"wp:attachment":[{"href":"https:\/\/combactive.fr\/index.php?rest_route=%2Fwp%2Fv2%2Fmedia&parent=2485"}],"wp:term":[{"taxonomy":"category","embeddable":true,"href":"https:\/\/combactive.fr\/index.php?rest_route=%2Fwp%2Fv2%2Fcategories&post=2485"},{"taxonomy":"post_tag","embeddable":true,"href":"https:\/\/combactive.fr\/index.php?rest_route=%2Fwp%2Fv2%2Ftags&post=2485"}],"curies":[{"name":"wp","href":"https:\/\/api.w.org\/{rel}","templated":true}]}}