{"id":2557,"date":"2015-01-27T13:34:26","date_gmt":"2015-01-27T11:34:26","guid":{"rendered":"http:\/\/www.combactive.fr\/?p=2557"},"modified":"2015-01-27T13:34:26","modified_gmt":"2015-01-27T11:34:26","slug":"emagny-les-dernieres-nouvelles","status":"publish","type":"post","link":"https:\/\/combactive.fr\/?p=2557","title":{"rendered":"Pr\u00e9fecture VS Combactive"},"content":{"rendered":"<div>\n<h1 style=\"text-align: center;\"><strong><span style=\"font-size: medium;\">Le 27.01.15 : Pr\u00e9fecture VS Combactive, fermeture ou r\u00e9gularisation <\/span><\/strong><\/h1>\n<h1 style=\"text-align: center;\"><span style=\"font-size: medium;\"><strong>de l\u2019\u00e9levage de visons d&rsquo;Emagny<\/strong><\/span><\/h1>\n<h1 style=\"text-align: center;\"><span style=\"font-size: medium;\">L\u2019affaire Emagny examin\u00e9e au Tribunal administratif de Besan\u00e7on<\/span><\/h1>\n<p style=\"text-align: center;\"><span style=\"font-size: medium;\">\u00a0<\/span><\/p>\n<p style=\"text-align: center;\"><span style=\"text-decoration: underline;\">Reportage et interview<\/span> : *Combactive, *rapporteur public, *Pr\u00e9fecture, *avocate de Combactive.<\/p>\n<p><iframe loading=\"lazy\" src=\"\/\/www.dailymotion.com\/embed\/video\/x2fx2iw\" height=\"270\" width=\"480\" allowfullscreen=\"\" frameborder=\"0\"><\/iframe><br \/>\n<a href=\"http:\/\/www.dailymotion.com\/video\/x2fx2iw_prefecture-doubs-vs-combactive-jt-france3-du-27-01-15_animals\" target=\"_blank\" rel=\"noopener\">Pr\u00e9fecture Doubs VS Combactive (JT France3 du&#8230;<\/a> <i>par <a href=\"http:\/\/www.dailymotion.com\/contact472\" target=\"_blank\" rel=\"noopener\">contact472<\/a><\/i><br \/>\n<a href=\"http:\/\/combactive.fr\/wp-content\/uploads\/2015\/01\/Journal-Est-R\u00e9publicain-Mercredi-28.01.15-edition-Besan\u00e7on.jpg\"><img decoding=\"async\" class=\"aligncenter size-full wp-image-2563\" alt=\"Journal Est R\u00e9publicain Mercredi 28.01.15 edition Besan\u00e7on\" src=\"http:\/\/combactive.fr\/wp-content\/uploads\/2015\/01\/Journal-Est-R\u00e9publicain-Mercredi-28.01.15-edition-Besan\u00e7on.jpg\" \/><\/a><\/p>\n<p><a href=\"http:\/\/www.facebook.com\/video.php?v=10200156007060406\"><img decoding=\"async\" class=\"aligncenter size-full wp-image-2569\" alt=\"emagny charlie\" src=\"http:\/\/combactive.fr\/wp-content\/uploads\/2015\/01\/emagny-charlie.jpg\" \/><\/a><\/p>\n<p>Combactive demande l&rsquo;annulation de deux arr\u00eat\u00e9s pr\u00e9fectoraux devant le tribunal administratif de Besan\u00e7on.<br \/>\nL&rsquo;\u00e9levage existe \u00e0 Emagny (Doubs) depuis 30 ans mais l&rsquo;autorisation pr\u00e9fectorale d&rsquo;ouvrir date seulement d&rsquo;ao\u00fbt 2012.<br \/>\nEn 1985, Eric Raunet ouvre cet \u00e9levage avec une simple d\u00e9claration d&rsquo;installation car il est pr\u00e9vu qu&rsquo;il accueillera moins de 1000 b\u00eates. En fait, tr\u00e8s vite, ce chiffre est d\u00e9pass\u00e9 et cet \u00e9levage aurait du \u00eatre cr\u00e9\u00e9 avec une autorisation d&rsquo;ouverture d&rsquo;exploitation, soit une proc\u00e9dure beaucoup plus complexe et exigeante.<br \/>\nL&rsquo;\u00e9leveur n&rsquo;a jamais souscrit aux obligations d&rsquo;information quant au plan d&rsquo;\u00e9pandage des lisiers (satur\u00e9s de phosphore) et de la gestion des effluents \u00e0 proximit\u00e9 de l&rsquo;Ognon. Selon les sources, il aurait \u00e9lev\u00e9 de 11 500 visons (chiffre Pr\u00e9fecture).<\/p>\n<p>A savoir : l&rsquo;\u00e9leveur a fait objet de 6 mises en demeure, d&rsquo;une dizaine de jugements, de 3 condamnations au p\u00e9nal dont la derni\u00e8re comporte une peine de prison avec sursis. Au total, ces proc\u00e9dures devant la justice durent depuis 4 ans.<\/p>\n<p>Le rapporteur public reconna\u00eet que l&rsquo;enqu\u00eate publique, d&rsquo;entr\u00e9e de jeu, \u00e9tait entach\u00e9e d&rsquo;irr\u00e9gularit\u00e9s. \u00a0Il demande donc l&rsquo;annulation de l&rsquo;ouverture et la mise en demeure \u00e0 l&rsquo;\u00e9leveur de donner des informations compl\u00e8tes sur les \u00e9pandages et les \u00e9tudes des sols.<br \/>\nDans le cas contraire, l&rsquo;activit\u00e9 d&rsquo;\u00e9levage de visons pourrait \u00eatre suspendue jusqu&rsquo;\u00e0 la mise en conformit\u00e9 sur tous les points. (Sources Est R\u00e9publicain)<\/p>\n<\/div>\n","protected":false},"excerpt":{"rendered":"<p>Le 27.01.15 : Pr\u00e9fecture VS Combactive, fermeture ou r\u00e9gularisation de l\u2019\u00e9levage de visons d&rsquo;Emagny L\u2019affaire Emagny examin\u00e9e au Tribunal administratif de Besan\u00e7on \u00a0 Reportage et interview : *Combactive, *rapporteur public, *Pr\u00e9fecture, *avocate de Combactive. Pr\u00e9fecture Doubs VS Combactive (JT France3 du&#8230; par contact472 Combactive demande l&rsquo;annulation de deux arr\u00eat\u00e9s pr\u00e9fectoraux devant le tribunal administratif de<a class=\"wp-block-latest-posts__read-more\" href=\"https:\/\/combactive.fr\/?p=2557\"> Voir plus +<\/a><\/p>\n","protected":false},"author":1,"featured_media":23555,"comment_status":"closed","ping_status":"closed","sticky":false,"template":"","format":"standard","meta":{"_acf_changed":false,"footnotes":""},"categories":[11,7],"tags":[],"class_list":["post-2557","post","type-post","status-publish","format-standard","has-post-thumbnail","hentry","category-emagny-2","category-fourrure"],"acf":[],"_links":{"self":[{"href":"https:\/\/combactive.fr\/index.php?rest_route=\/wp\/v2\/posts\/2557","targetHints":{"allow":["GET"]}}],"collection":[{"href":"https:\/\/combactive.fr\/index.php?rest_route=\/wp\/v2\/posts"}],"about":[{"href":"https:\/\/combactive.fr\/index.php?rest_route=\/wp\/v2\/types\/post"}],"author":[{"embeddable":true,"href":"https:\/\/combactive.fr\/index.php?rest_route=\/wp\/v2\/users\/1"}],"replies":[{"embeddable":true,"href":"https:\/\/combactive.fr\/index.php?rest_route=%2Fwp%2Fv2%2Fcomments&post=2557"}],"version-history":[{"count":0,"href":"https:\/\/combactive.fr\/index.php?rest_route=\/wp\/v2\/posts\/2557\/revisions"}],"wp:featuredmedia":[{"embeddable":true,"href":"https:\/\/combactive.fr\/index.php?rest_route=\/wp\/v2\/media\/23555"}],"wp:attachment":[{"href":"https:\/\/combactive.fr\/index.php?rest_route=%2Fwp%2Fv2%2Fmedia&parent=2557"}],"wp:term":[{"taxonomy":"category","embeddable":true,"href":"https:\/\/combactive.fr\/index.php?rest_route=%2Fwp%2Fv2%2Fcategories&post=2557"},{"taxonomy":"post_tag","embeddable":true,"href":"https:\/\/combactive.fr\/index.php?rest_route=%2Fwp%2Fv2%2Ftags&post=2557"}],"curies":[{"name":"wp","href":"https:\/\/api.w.org\/{rel}","templated":true}]}}