{"id":2692,"date":"2015-02-18T15:32:55","date_gmt":"2015-02-18T13:32:55","guid":{"rendered":"http:\/\/www.combactive.fr\/?p=2692"},"modified":"2015-02-18T15:32:55","modified_gmt":"2015-02-18T13:32:55","slug":"verdict-tribunal-annule-les-autorisations-lelevage-demagny","status":"publish","type":"post","link":"https:\/\/combactive.fr\/?p=2692","title":{"rendered":"Verdict : le tribunal annule les autorisations de l&rsquo;\u00e9levage d&rsquo;Emagny"},"content":{"rendered":"<h1 style=\"text-align: center;\"><span style=\"font-size: medium;\"><strong>Le 27 Janvier dernier l&rsquo;affaire d&rsquo;Emagny \u00e9tait examin\u00e9e au tribunal administratif de Besan\u00e7on, l&rsquo;association Combactive demandait d&rsquo;annuler 2 autorisations accord\u00e9es par la pr\u00e9fecture \u00e0 cet \u00e9levage de visons<\/strong><\/span><\/h1>\n<h1 style=\"text-align: center;\"><span style=\"font-size: medium;\"><strong><span style=\"text-decoration: underline;\">Verdict rendu le 17.02.15 : les autorisations sont annul\u00e9es<\/span><br \/>\n<\/strong><\/span><\/h1>\n<p style=\"text-align: center;\"><span style=\"font-size: medium;\">\u00a0<\/span><\/p>\n<p><a href=\"http:\/\/combactive.fr\/wp-content\/uploads\/2015\/02\/est-r\u00e9publicain-18.02.15.jpg\"><img loading=\"lazy\" decoding=\"async\" class=\"alignright\" alt=\"est r\u00e9publicain 18.02.15\" src=\"http:\/\/combactive.fr\/wp-content\/uploads\/2015\/02\/est-r\u00e9publicain-18.02.15.jpg\" width=\"386\" height=\"277\" \/><\/a>Le tribunal administratif de Besan\u00e7on confirme donc \u00ab\u00a0<em>l\u2019absence d\u2019information du public\u00a0\u00bb<\/em>\u00a0et des irr\u00e9gularit\u00e9s concernant les \u00ab\u00a0<em>modalit\u00e9s d\u2019\u00e9pandage du lisier\u00a0\u00bb<\/em>, et annule en cons\u00e9quence les arr\u00eat\u00e9s du Pr\u00e9fet du Doubs de 2012 (exploiter un \u00e9levage d\u00e9clar\u00e9 de 5000 visons) et de 2013 (autorisation d&rsquo;\u00e9levage d&rsquo;esp\u00e8ce vison), qui autorisaient l\u2019exploitation de l\u2019\u00e9levage.<\/p>\n<p>Le Tribunal a ordonn\u00e9 qu&rsquo;une nouvelle enqu\u00eate publique ait lieu, que le dossier soit compl\u00e9t\u00e9 par une \u00e9tude des sols pr\u00e9alable et que l&rsquo;\u00e9pandage soit revu.<\/p>\n<p>C&rsquo;est une pr\u00e9 victoire pour l&rsquo;\u00e9quipe de Combactive qui remercie toutes celles et ceux qui y ont contribu\u00e9. Cette d\u00e9cision implique donc que si\u00a0 l\u2019\u00e9leveur, souhaite poursuivre son activit\u00e9, et donc \u00e9viter la fermeture de son exploitation, il doit engager une nouvelle proc\u00e9dure d\u2019autorisation dans un d\u00e9lai qui n\u2019exc\u00e8de pas six mois, et r\u00e9gulariser la conformit\u00e9 de ses installations.<\/p>\n<p>L&rsquo;\u00e9leveur se pliera t&rsquo;il \u00e0 la loi et parviendra t&rsquo;il \u00e0 se mettre en conformit\u00e9 dans ce d\u00e9lai imp\u00e9ratif ? Dans 6 mois, la pr\u00e9fecture devra prononcer un refus d&rsquo;autorisation si l&rsquo;\u00e9leveur ne se r\u00e9gularise pas.<\/p>\n<p><strong>Un verdict pour 30 ans d&rsquo;exploitation aux m\u00e9pris des lois, qui signe l&rsquo;amorce d&rsquo;une fermeture si rien n\u2019est fait dans cette p\u00e9riode.\u00a0 Pour notre part, nous allons continuer \u00e0 suivre de tr\u00e8s pr\u00e8s cette affaire et demander l&rsquo;ex\u00e9cution du jugement si les r\u00e9gularisations ne sont effectives dans 6 mois. <\/strong><\/p>\n<p>&nbsp;<\/p>\n<p><span style=\"text-decoration: underline;\"><strong>France Bleu Besan\u00e7on<\/strong><\/span><\/p>\n<audio class=\"wp-audio-shortcode\" id=\"audio-2692-1\" preload=\"none\" style=\"width: 100%;\" controls=\"controls\"><source type=\"audio\/mpeg\" src=\"http:\/\/combactive.fr\/wp-content\/uploads\/2015\/02\/faaa.mp3?_=1\" \/><a href=\"http:\/\/combactive.fr\/wp-content\/uploads\/2015\/02\/faaa.mp3\">http:\/\/combactive.fr\/wp-content\/uploads\/2015\/02\/faaa.mp3<\/a><\/audio>\n<p>&nbsp;<\/p>\n<p>&nbsp;<\/p>\n<p><span style=\"background-color: #99cc00;\"><a href=\"le tribunal administratif annule les arr\u00eat\u00e9s pr\u00e9fectoraux autorisant l'exploitation d'un \u00e9levage de visons\" target=\"_blank\" rel=\"noopener\"><span style=\"text-decoration: underline; background-color: #99cc00;\"><strong>France 3 Franche Comt\u00e9 Web : <span style=\"background-color: #ffffff; font-size: large;\">laissez vos commentaires svp<\/span><\/strong><\/span><\/a><\/span><\/p>\n<p>&nbsp;<\/p>\n<p>&nbsp;<\/p>\n<p><a href=\"http:\/\/combactive.fr\/wp-content\/uploads\/2015\/02\/justice-emagny.jpg\"><img loading=\"lazy\" decoding=\"async\" alt=\"justice emagny\" src=\"http:\/\/combactive.fr\/wp-content\/uploads\/2015\/02\/justice-emagny.jpg\" width=\"812\" height=\"431\" \/><\/a><\/p>\n<p>&nbsp;<\/p>\n<p>&nbsp;<\/p>\n<p>&nbsp;<\/p>\n<p>&nbsp;<\/p>\n<p>&nbsp;<\/p>\n<p>&nbsp;<\/p>\n","protected":false},"excerpt":{"rendered":"<p>Le 27 Janvier dernier l&rsquo;affaire d&rsquo;Emagny \u00e9tait examin\u00e9e au tribunal administratif de Besan\u00e7on, l&rsquo;association Combactive demandait d&rsquo;annuler 2 autorisations accord\u00e9es par la pr\u00e9fecture \u00e0 cet \u00e9levage de visons Verdict rendu le 17.02.15 : les autorisations sont annul\u00e9es \u00a0 Le tribunal administratif de Besan\u00e7on confirme donc \u00ab\u00a0l\u2019absence d\u2019information du public\u00a0\u00bb\u00a0et des irr\u00e9gularit\u00e9s concernant les \u00ab\u00a0modalit\u00e9s d\u2019\u00e9pandage<a class=\"wp-block-latest-posts__read-more\" href=\"https:\/\/combactive.fr\/?p=2692\"> Voir plus +<\/a><\/p>\n","protected":false},"author":1,"featured_media":23598,"comment_status":"closed","ping_status":"closed","sticky":false,"template":"","format":"standard","meta":{"_acf_changed":false,"footnotes":""},"categories":[11,7],"tags":[],"class_list":["post-2692","post","type-post","status-publish","format-standard","has-post-thumbnail","hentry","category-emagny-2","category-fourrure"],"acf":[],"_links":{"self":[{"href":"https:\/\/combactive.fr\/index.php?rest_route=\/wp\/v2\/posts\/2692","targetHints":{"allow":["GET"]}}],"collection":[{"href":"https:\/\/combactive.fr\/index.php?rest_route=\/wp\/v2\/posts"}],"about":[{"href":"https:\/\/combactive.fr\/index.php?rest_route=\/wp\/v2\/types\/post"}],"author":[{"embeddable":true,"href":"https:\/\/combactive.fr\/index.php?rest_route=\/wp\/v2\/users\/1"}],"replies":[{"embeddable":true,"href":"https:\/\/combactive.fr\/index.php?rest_route=%2Fwp%2Fv2%2Fcomments&post=2692"}],"version-history":[{"count":0,"href":"https:\/\/combactive.fr\/index.php?rest_route=\/wp\/v2\/posts\/2692\/revisions"}],"wp:featuredmedia":[{"embeddable":true,"href":"https:\/\/combactive.fr\/index.php?rest_route=\/wp\/v2\/media\/23598"}],"wp:attachment":[{"href":"https:\/\/combactive.fr\/index.php?rest_route=%2Fwp%2Fv2%2Fmedia&parent=2692"}],"wp:term":[{"taxonomy":"category","embeddable":true,"href":"https:\/\/combactive.fr\/index.php?rest_route=%2Fwp%2Fv2%2Fcategories&post=2692"},{"taxonomy":"post_tag","embeddable":true,"href":"https:\/\/combactive.fr\/index.php?rest_route=%2Fwp%2Fv2%2Ftags&post=2692"}],"curies":[{"name":"wp","href":"https:\/\/api.w.org\/{rel}","templated":true}]}}