{"id":2709,"date":"2015-02-26T11:15:19","date_gmt":"2015-02-26T09:15:19","guid":{"rendered":"http:\/\/www.combactive.fr\/?p=2709"},"modified":"2015-02-26T11:15:19","modified_gmt":"2015-02-26T09:15:19","slug":"faeryland-les-desobeissants","status":"publish","type":"post","link":"https:\/\/combactive.fr\/?p=2709","title":{"rendered":"Faeryland et les d\u00e9sob\u00e9issants"},"content":{"rendered":"<p style=\"text-align: center;\"><span style=\"font-size: x-large;\"><strong>Faeryland et les d\u00e9sob\u00e9issants<\/strong><\/span><\/p>\n<p style=\"text-align: center;\"><a href=\"http:\/\/combactive.fr\/wp-content\/uploads\/2015\/02\/xavier-renou-les-dc3a9sobeissants-magc3a0-ettori-blog.jpg\"><img decoding=\"async\" class=\"aligncenter size-full wp-image-2717\" alt=\"xavier roland fabien dom\" src=\"http:\/\/combactive.fr\/wp-content\/uploads\/2015\/02\/xavier-renou-les-dc3a9sobeissants-magc3a0-ettori-blog.jpg\" \/><\/a><\/p>\n<p style=\"text-align: center;\"><span style=\"font-size: medium;\">Voici un reportage r\u00e9alis\u00e9 par l\u2019alterJT (<em>l\u2019aJT<\/em> pour les intimes) lanc\u00e9 \u00e0 l\u2019initiative du collectif altermondialiste \u00ab\u00a0D\u00e9sob\u00e9ir\u00a0\u00bb, aussi connu sous le nom \u00ab\u00a0les d\u00e9sob\u00e9issants\u00a0\u00bb. 2014, des militants et professionnels de l\u2019audiovisuel et du journalisme,\u00a0 refusant de laisser aux \u00e9lites n\u00e9olib\u00e9rales et aux grands patrons de l\u2019industrie (notamment de l\u2019armement ou du nucl\u00e9aire, en France) le monopole de la propri\u00e9t\u00e9 des m\u00e9dias audiovisuels, d\u00e9cident de cr\u00e9er un m\u00e9dia audiovisuel ind\u00e9pendant. L&rsquo;aJt traite de nombreux sujets avec une ligne directrice, qui a pour mot d&rsquo;ordre : les alternatives qui permettent d\u2019entrevoir qu\u2019un autre monde est possible, et qu\u2019il est d\u00e9j\u00e0 en gestation ; les r\u00e9sistances, les luttes, les grains de sable qui permettent d\u2019esp\u00e9rer que les alternatives puissent justement triompher des forces destructrices \u00e0 l\u2019oeuvre sur la plan\u00e8te ; l\u2019explication des m\u00e9canismes mortif\u00e8res qui caract\u00e9risent le capitalisme, la finance d\u00e9r\u00e9gul\u00e9e, le productivisme ravageur et les diff\u00e9rentes formes de domination (\u00e9conomique et de classe, imp\u00e9rialiste, sexiste, raciste, sp\u00e9ciste\u2026).<\/span><\/p>\n<p style=\"text-align: center;\"><span style=\"font-size: large;\"><strong><em>Retrouvez quelques images du tournage de Faeryland au journal AlterJT ainsi que des entretiens de responsables d\u2019associations de la protection animale pr\u00e9sents au Trocad\u00e9ro lors du tournage de Faeryland :<\/em><\/strong><\/span><\/p>\n<p style=\"text-align: center;\">Reportage sur la protection animale \u00e0 7\u201953<iframe loading=\"lazy\" src=\"http:\/\/www.youtube.com\/embed\/JtEN9Q0zgkA\" height=\"315\" width=\"560\" allowfullscreen=\"\" frameborder=\"0\"><\/iframe><\/p>\n<p>&nbsp;<\/p>\n<p>Xavier Renou, responsable de l\u2019association\u00a0 \u00ab\u00a0Les D\u00e9sob\u00e9issants\u00a0\u00bb sur le tournage de\u00a0 \u00ab\u00a0Faeryland\u00a0\u00bb, o\u00f9 il interpr\u00e8te le\u00a0r\u00f4le d\u2019un activiste pro-animal adepte de la non violence et de la d\u00e9sob\u00e9issance civile.<\/p>\n<p>&nbsp;<\/p>\n<p><em>\u00a0<\/em><\/p>\n","protected":false},"excerpt":{"rendered":"<p>Faeryland et les d\u00e9sob\u00e9issants Voici un reportage r\u00e9alis\u00e9 par l\u2019alterJT (l\u2019aJT pour les intimes) lanc\u00e9 \u00e0 l\u2019initiative du collectif altermondialiste \u00ab\u00a0D\u00e9sob\u00e9ir\u00a0\u00bb, aussi connu sous le nom \u00ab\u00a0les d\u00e9sob\u00e9issants\u00a0\u00bb. 2014, des militants et professionnels de l\u2019audiovisuel et du journalisme,\u00a0 refusant de laisser aux \u00e9lites n\u00e9olib\u00e9rales et aux grands patrons de l\u2019industrie (notamment de l\u2019armement ou du<a class=\"wp-block-latest-posts__read-more\" href=\"https:\/\/combactive.fr\/?p=2709\"> Voir plus +<\/a><\/p>\n","protected":false},"author":1,"featured_media":25538,"comment_status":"closed","ping_status":"closed","sticky":false,"template":"","format":"standard","meta":{"_acf_changed":false,"footnotes":""},"categories":[4,7],"tags":[],"class_list":["post-2709","post","type-post","status-publish","format-standard","has-post-thumbnail","hentry","category-faeryland","category-fourrure"],"acf":[],"_links":{"self":[{"href":"https:\/\/combactive.fr\/index.php?rest_route=\/wp\/v2\/posts\/2709","targetHints":{"allow":["GET"]}}],"collection":[{"href":"https:\/\/combactive.fr\/index.php?rest_route=\/wp\/v2\/posts"}],"about":[{"href":"https:\/\/combactive.fr\/index.php?rest_route=\/wp\/v2\/types\/post"}],"author":[{"embeddable":true,"href":"https:\/\/combactive.fr\/index.php?rest_route=\/wp\/v2\/users\/1"}],"replies":[{"embeddable":true,"href":"https:\/\/combactive.fr\/index.php?rest_route=%2Fwp%2Fv2%2Fcomments&post=2709"}],"version-history":[{"count":0,"href":"https:\/\/combactive.fr\/index.php?rest_route=\/wp\/v2\/posts\/2709\/revisions"}],"wp:featuredmedia":[{"embeddable":true,"href":"https:\/\/combactive.fr\/index.php?rest_route=\/wp\/v2\/media\/25538"}],"wp:attachment":[{"href":"https:\/\/combactive.fr\/index.php?rest_route=%2Fwp%2Fv2%2Fmedia&parent=2709"}],"wp:term":[{"taxonomy":"category","embeddable":true,"href":"https:\/\/combactive.fr\/index.php?rest_route=%2Fwp%2Fv2%2Fcategories&post=2709"},{"taxonomy":"post_tag","embeddable":true,"href":"https:\/\/combactive.fr\/index.php?rest_route=%2Fwp%2Fv2%2Ftags&post=2709"}],"curies":[{"name":"wp","href":"https:\/\/api.w.org\/{rel}","templated":true}]}}