{"id":2732,"date":"2026-02-23T16:40:57","date_gmt":"2026-02-23T16:40:57","guid":{"rendered":"http:\/\/www.combactive.fr\/?p=2732"},"modified":"2026-02-23T16:40:57","modified_gmt":"2026-02-23T16:40:57","slug":"strasbourg-extension-du-centre-primatologie-niederhausbergen","status":"publish","type":"post","link":"https:\/\/combactive.fr\/?p=2732","title":{"rendered":"Strasbourg :extension du centre de primatologie de Niederhausbergen."},"content":{"rendered":"<p style=\"text-align: center;\"><a href=\"http:\/\/combactive.fr\/wp-content\/uploads\/2015\/05\/11203004_10155473092525058_7674348915565453234_n.jpg\"><img loading=\"lazy\" decoding=\"async\" class=\"aligncenter size-full wp-image-2733\" src=\"http:\/\/combactive.fr\/wp-content\/uploads\/2015\/05\/11203004_10155473092525058_7674348915565453234_n.jpg\" alt=\"11203004_10155473092525058_7674348915565453234_n\" width=\"851\" height=\"315\" \/><\/a><\/p>\n<p style=\"text-align: center;\">16 Mai 2015 : Organisation d&rsquo;un bus pour se rendre \u00e0 la manifestation (450 personnes) de Strasbourg organis\u00e9 par le comit\u00e9 scientifique Pro Anima et l&rsquo;association Animalsace, pour demander la fermeture du centre de primatologie de Niederhausbergen.<\/p>\n<p>Sur les dix esp\u00e8ces du centre, quatre sont destin\u00e9es \u00e0 la recherche. Or pour Luc Walter, pr\u00e9sident d&rsquo;Animalsace, \u00ab on sait que le mod\u00e8le animal n\u2019est pas adapt\u00e9 au mod\u00e8le humain \u00bb. Pour la co-organisatrice de la marche Sylvia Hecker, repr\u00e9sentante de Pro Anima, ces exp\u00e9riences \u00ab ne nous apprennent rien sur les causes des maladies chez l\u2019homme. \u00bb<\/p>\n<p>Apr\u00e8s un passage devant la pr\u00e9fecture, le cort\u00e8ge est retourn\u00e9 \u00e0 la place Kl\u00e9ber, pour une dispersion pr\u00e9vue au plus tard \u00e0 17h.<\/p>\n<p>Merci \u00e0 tous les militants de Combactive pour la motivation et la bonne humeur, et merci \u00e0 Th\u00e9a de nous avoir donn\u00e9 un coup de main sur le stand.<\/p>\n\n<p>&nbsp;<\/p>\n","protected":false},"excerpt":{"rendered":"<p>16 Mai 2015 : Organisation d&rsquo;un bus pour se rendre \u00e0 la manifestation (450 personnes) de Strasbourg organis\u00e9 par le comit\u00e9 scientifique Pro Anima et l&rsquo;association Animalsace, pour demander la fermeture du centre de primatologie de Niederhausbergen. Sur les dix esp\u00e8ces du centre, quatre sont destin\u00e9es \u00e0 la recherche. Or pour Luc Walter, pr\u00e9sident d&rsquo;Animalsace,<a class=\"wp-block-latest-posts__read-more\" href=\"https:\/\/combactive.fr\/?p=2732\"> Voir plus +<\/a><\/p>\n","protected":false},"author":1,"featured_media":23607,"comment_status":"closed","ping_status":"closed","sticky":false,"template":"","format":"standard","meta":{"_acf_changed":false,"footnotes":""},"categories":[3],"tags":[],"class_list":["post-2732","post","type-post","status-publish","format-standard","has-post-thumbnail","hentry","category-experimentation-animale"],"acf":[],"_links":{"self":[{"href":"https:\/\/combactive.fr\/index.php?rest_route=\/wp\/v2\/posts\/2732","targetHints":{"allow":["GET"]}}],"collection":[{"href":"https:\/\/combactive.fr\/index.php?rest_route=\/wp\/v2\/posts"}],"about":[{"href":"https:\/\/combactive.fr\/index.php?rest_route=\/wp\/v2\/types\/post"}],"author":[{"embeddable":true,"href":"https:\/\/combactive.fr\/index.php?rest_route=\/wp\/v2\/users\/1"}],"replies":[{"embeddable":true,"href":"https:\/\/combactive.fr\/index.php?rest_route=%2Fwp%2Fv2%2Fcomments&post=2732"}],"version-history":[{"count":1,"href":"https:\/\/combactive.fr\/index.php?rest_route=\/wp\/v2\/posts\/2732\/revisions"}],"predecessor-version":[{"id":3627,"href":"https:\/\/combactive.fr\/index.php?rest_route=\/wp\/v2\/posts\/2732\/revisions\/3627"}],"wp:featuredmedia":[{"embeddable":true,"href":"https:\/\/combactive.fr\/index.php?rest_route=\/wp\/v2\/media\/23607"}],"wp:attachment":[{"href":"https:\/\/combactive.fr\/index.php?rest_route=%2Fwp%2Fv2%2Fmedia&parent=2732"}],"wp:term":[{"taxonomy":"category","embeddable":true,"href":"https:\/\/combactive.fr\/index.php?rest_route=%2Fwp%2Fv2%2Fcategories&post=2732"},{"taxonomy":"post_tag","embeddable":true,"href":"https:\/\/combactive.fr\/index.php?rest_route=%2Fwp%2Fv2%2Ftags&post=2732"}],"curies":[{"name":"wp","href":"https:\/\/api.w.org\/{rel}","templated":true}]}}