{"id":274,"date":"2013-11-27T00:00:57","date_gmt":"2013-11-26T23:00:57","guid":{"rendered":"http:\/\/www.combactive.fr\/?p=274"},"modified":"2013-11-27T00:00:57","modified_gmt":"2013-11-26T23:00:57","slug":"en-avant-premiere-le-mardi-27-novembre-du-film-a-l-f-de-jerome-lescure","status":"publish","type":"post","link":"https:\/\/combactive.fr\/?p=274","title":{"rendered":"En avant premi\u00e8re le mardi 27 Novembre du film A.L.F de J\u00e9rome Lescure"},"content":{"rendered":"<h1 class=\"titleContent\"><span class=\"surtitre\">Le cin\u00e9aste J\u00e9r\u00f4me Lescure pr\u00e9sente son film au public Dijonnais, A.L.F, une fiction forte et engag\u00e9e\u00a0<\/span><\/h1>\n<h3 class=\"accroche\"><em>Jeudi soir, au cin\u00e9ma l\u2019Eldorado, le r\u00e9alisateur J\u00e9r\u00f4me Lescure est venu pr\u00e9senter son film A.L.F. (Animal Liberation Front), un long-m\u00e9trage, premi\u00e8re fiction du cin\u00e9aste&#8230;.<\/em><\/h3>\n<h3 class=\"accroche\"><em><a href=\"http:\/\/combactive.fr\/wp-content\/uploads\/2013\/11\/BP-alf.jpg\"><img decoding=\"async\" class=\"alignleft size-large wp-image-4599\" src=\"http:\/\/combactive.fr\/wp-content\/uploads\/2013\/11\/BP-alf-700x462.jpg\" alt=\"\" \/><\/a>La soir\u00e9e projection d\u00e9bat, organis\u00e9e par l\u2019association Combactive, a r\u00e9uni un public nombreux, et a permis au r\u00e9alisateur et \u00e0 Maxime Lecluyse, l\u2019un des acteurs du film, de revenir sur cette \u0153uvre forte, \u00e9mouvante, et r\u00e9solument engag\u00e9e&#8230;. <a href=\"http:\/\/c.bienpublic.com\/loisirs\/2013\/01\/28\/a-l-f-fiction-forte-et-engagee\" target=\"_blank\" rel=\"noopener\">LIRE LA SUITE, article du Bien Public<\/a><\/em><\/h3>\n<p>&nbsp;<\/p>\n<p><span style=\"line-height: 1.5em;\">S\u00e9ance sp\u00e9ciale au cin\u00e9ma \u00ab\u00a0l\u2019Eldorado\u00a0\u00bb de Dijon, suivie d&rsquo;un d\u00e9bat en pr\u00e9sence du r\u00e9alisateur et membres de l&rsquo;\u00e9quipe + \u00e0 Besan\u00e7on pendant une semaine au M\u00e9garama. S\u00e9ance de rattrapage dimanche 27 Janvier \u00e0 l&rsquo;Eldo.<\/span><\/p>\n<p><iframe loading=\"lazy\" src=\"http:\/\/www.dailymotion.com\/embed\/video\/xreqws\" width=\"480\" height=\"270\" frameborder=\"0\" allowfullscreen=\"allowfullscreen\"><\/iframe><\/p>\n<p>&nbsp;<\/p>\n<p>Henri-Jean Servat parle du film A.L.F. sur France2 dans T\u00e9l\u00e9 Matin<\/p>\n<p><iframe loading=\"lazy\" src=\"http:\/\/www.youtube.com\/embed\/h47gCa2GDKg\" width=\"425\" height=\"350\" frameborder=\"0\"><\/iframe><\/p>\n<p>&nbsp;<\/p>\n<p>Mathilde, pr\u00e9sentation de l&rsquo;association et Promo ALF sur\u00a0France Bleu Besan\u00e7on<\/p>\n<p><iframe loading=\"lazy\" src=\"http:\/\/www.dailymotion.com\/embed\/video\/xvba6b\" width=\"480\" height=\"270\" frameborder=\"0\" allowfullscreen=\"allowfullscreen\"><\/iframe><\/p>\n<p>&nbsp;<\/p>\n<p>Interview de J\u00e9rome Lescure<\/p>\n<p><iframe loading=\"lazy\" src=\"http:\/\/www.dailymotion.com\/embed\/video\/xvmlrh\" width=\"480\" height=\"270\" frameborder=\"0\" allowfullscreen=\"allowfullscreen\"><\/iframe><\/p>\n","protected":false},"excerpt":{"rendered":"<p>Le cin\u00e9aste J\u00e9r\u00f4me Lescure pr\u00e9sente son film au public Dijonnais, A.L.F, une fiction forte et engag\u00e9e\u00a0 Jeudi soir, au cin\u00e9ma l\u2019Eldorado, le r\u00e9alisateur J\u00e9r\u00f4me Lescure est venu pr\u00e9senter son film A.L.F. (Animal Liberation Front), un long-m\u00e9trage, premi\u00e8re fiction du cin\u00e9aste&#8230;. La soir\u00e9e projection d\u00e9bat, organis\u00e9e par l\u2019association Combactive, a r\u00e9uni un public nombreux, et a<a class=\"wp-block-latest-posts__read-more\" href=\"https:\/\/combactive.fr\/?p=274\"> Voir plus +<\/a><\/p>\n","protected":false},"author":1,"featured_media":1063,"comment_status":"closed","ping_status":"closed","sticky":false,"template":"","format":"standard","meta":{"_acf_changed":false,"footnotes":""},"categories":[14],"tags":[],"class_list":["post-274","post","type-post","status-publish","format-standard","has-post-thumbnail","hentry","category-infos"],"acf":[],"_links":{"self":[{"href":"https:\/\/combactive.fr\/index.php?rest_route=\/wp\/v2\/posts\/274","targetHints":{"allow":["GET"]}}],"collection":[{"href":"https:\/\/combactive.fr\/index.php?rest_route=\/wp\/v2\/posts"}],"about":[{"href":"https:\/\/combactive.fr\/index.php?rest_route=\/wp\/v2\/types\/post"}],"author":[{"embeddable":true,"href":"https:\/\/combactive.fr\/index.php?rest_route=\/wp\/v2\/users\/1"}],"replies":[{"embeddable":true,"href":"https:\/\/combactive.fr\/index.php?rest_route=%2Fwp%2Fv2%2Fcomments&post=274"}],"version-history":[{"count":0,"href":"https:\/\/combactive.fr\/index.php?rest_route=\/wp\/v2\/posts\/274\/revisions"}],"wp:featuredmedia":[{"embeddable":true,"href":"https:\/\/combactive.fr\/index.php?rest_route=\/"}],"wp:attachment":[{"href":"https:\/\/combactive.fr\/index.php?rest_route=%2Fwp%2Fv2%2Fmedia&parent=274"}],"wp:term":[{"taxonomy":"category","embeddable":true,"href":"https:\/\/combactive.fr\/index.php?rest_route=%2Fwp%2Fv2%2Fcategories&post=274"},{"taxonomy":"post_tag","embeddable":true,"href":"https:\/\/combactive.fr\/index.php?rest_route=%2Fwp%2Fv2%2Ftags&post=274"}],"curies":[{"name":"wp","href":"https:\/\/api.w.org\/{rel}","templated":true}]}}