{"id":279,"date":"2012-11-24T00:00:21","date_gmt":"2012-11-23T23:00:21","guid":{"rendered":"http:\/\/www.combactive.fr\/?p=279"},"modified":"2012-11-24T00:00:21","modified_gmt":"2012-11-23T23:00:21","slug":"marche-contre-la-fourrure","status":"publish","type":"post","link":"https:\/\/combactive.fr\/?p=279","title":{"rendered":"Marche contre la fourrure"},"content":{"rendered":"<p>Ce samedi 24 novembre \u00e9tait une bien belle journ\u00e9e. L&rsquo;\u00e9dition 2012 de la Grande Marche Contre la Fourrure fut une r\u00e9ussite car, malgr\u00e9 un temps maussade et un froid pin\u00e7ant, ce sont plus de mille personnes qui se sont retrouv\u00e9es dans la capitale pour crier leur indignation face au massacre d&rsquo;animaux au nom de la mode.<\/p>\n<p>Sur le parvis de la Gare Montparnasse, avant le d\u00e9part, un orchestre compos\u00e9 de 20 musiciens a interpr\u00e9t\u00e9 l&rsquo;\u00e9mouvant th\u00e8me de \u00ab\u00a0Danse avec les Loups\u00a0\u00bb autour du stand de la SPA. L&rsquo;ensemble \u00e9tait dirig\u00e9 par Patrick Vervelle, que nous remercions chaleureusement pour son engagement en faveur de la cause animale.<br \/>\nL&rsquo;ambiance dans le cort\u00e8ge \u00e9tait passionn\u00e9e et conviviale. Certains avaient fait le voyage de loin, voire tr\u00e8s loin, pour venir d\u00e9fendre leurs convictions.<\/p>\n<p>Aucun incident n&rsquo;a \u00e9t\u00e9 \u00e0 d\u00e9plorer, et les passants ont \u00e9t\u00e9 beaucoup \u00e0 s&rsquo;arr\u00eater pour regarder le tr\u00e8s charismatique MagiCJacK, qui menait le cort\u00e8ge avec son sourire ravageur. Plusieurs fois, tout le monde s&rsquo;est arr\u00eat\u00e9 pour faire un sit-in, tandis qu&rsquo;un happening figurait des mises \u00e0 mort d&rsquo;animaux sur la chauss\u00e9e (alors que des hauts-parleurs diffusaient de v\u00e9ritables hurlements, d\u00e9chirants, d&rsquo;animaux tortur\u00e9s pour leur pelage).<\/p>\n<p>Comme le disaient bien justement certaines pancartes, \u00ab\u00a0porter de la fourrure, c&rsquo;est porter la mort\u00a0\u00bb. C&rsquo;est pourquoi il \u00e9tait important que nous soyions nombreux ce samedi pour protester contre cette industrie meurtri\u00e8re et archa\u00efque !<\/p>\n<p>A l&rsquo;arriv\u00e9e du cort\u00e8ge, Place Saint Michel, la SPA et les autres associations pr\u00e9sentes ont pris la parole \u00e0 tour de r\u00f4le, pour rappeler que la fourrure, qui s&rsquo;est d\u00e9mocratis\u00e9e, est responsable de la mort de 50 millions d&rsquo;animaux par an dans le Monde. C&rsquo;est inacceptable, et la mobilisation ne doit pas faiblir car ce combat promet d&rsquo;\u00eatre encore long et coriace !<\/p>\n<p><iframe loading=\"lazy\" src=\"http:\/\/www.youtube.com\/embed\/uxL5Q2swnBE\" height=\"350\" width=\"425\" frameborder=\"0\"><\/iframe><\/p>\n<div id='gallery-1' class='gallery galleryid-279 gallery-columns-3 gallery-size-thumbnail'><figure class='gallery-item'>\n\t\t\t<div class='gallery-icon landscape'>\n\t\t\t\t<a href='https:\/\/combactive.fr\/?attachment_id=284'><img loading=\"lazy\" decoding=\"async\" width=\"80\" height=\"80\" src=\"https:\/\/combactive.fr\/wp-content\/uploads\/marche-contre-la-fourrure-3-80x80.jpg\" class=\"attachment-thumbnail size-thumbnail\" alt=\"\" \/><\/a>\n\t\t\t<\/div><\/figure><figure class='gallery-item'>\n\t\t\t<div class='gallery-icon landscape'>\n\t\t\t\t<a href='https:\/\/combactive.fr\/?attachment_id=283'><img loading=\"lazy\" decoding=\"async\" width=\"80\" height=\"80\" src=\"https:\/\/combactive.fr\/wp-content\/uploads\/marche-contre-la-fourrure-2-80x80.jpg\" class=\"attachment-thumbnail size-thumbnail\" alt=\"\" \/><\/a>\n\t\t\t<\/div><\/figure><figure class='gallery-item'>\n\t\t\t<div class='gallery-icon landscape'>\n\t\t\t\t<a href='https:\/\/combactive.fr\/?attachment_id=282'><img loading=\"lazy\" decoding=\"async\" width=\"80\" height=\"80\" src=\"https:\/\/combactive.fr\/wp-content\/uploads\/marche-contre-la-fourrure-1-80x80.jpg\" class=\"attachment-thumbnail size-thumbnail\" alt=\"\" \/><\/a>\n\t\t\t<\/div><\/figure>\n\t\t<\/div>\n\n","protected":false},"excerpt":{"rendered":"<p>Ce samedi 24 novembre \u00e9tait une bien belle journ\u00e9e. L&rsquo;\u00e9dition 2012 de la Grande Marche Contre la Fourrure fut une r\u00e9ussite car, malgr\u00e9 un temps maussade et un froid pin\u00e7ant, ce sont plus de mille personnes qui se sont retrouv\u00e9es dans la capitale pour crier leur indignation face au massacre d&rsquo;animaux au nom de la<a class=\"wp-block-latest-posts__read-more\" href=\"https:\/\/combactive.fr\/?p=279\"> Voir plus +<\/a><\/p>\n","protected":false},"author":1,"featured_media":302,"comment_status":"closed","ping_status":"closed","sticky":false,"template":"","format":"standard","meta":{"_acf_changed":false,"footnotes":""},"categories":[7],"tags":[],"class_list":["post-279","post","type-post","status-publish","format-standard","has-post-thumbnail","hentry","category-fourrure"],"acf":[],"_links":{"self":[{"href":"https:\/\/combactive.fr\/index.php?rest_route=\/wp\/v2\/posts\/279","targetHints":{"allow":["GET"]}}],"collection":[{"href":"https:\/\/combactive.fr\/index.php?rest_route=\/wp\/v2\/posts"}],"about":[{"href":"https:\/\/combactive.fr\/index.php?rest_route=\/wp\/v2\/types\/post"}],"author":[{"embeddable":true,"href":"https:\/\/combactive.fr\/index.php?rest_route=\/wp\/v2\/users\/1"}],"replies":[{"embeddable":true,"href":"https:\/\/combactive.fr\/index.php?rest_route=%2Fwp%2Fv2%2Fcomments&post=279"}],"version-history":[{"count":1,"href":"https:\/\/combactive.fr\/index.php?rest_route=\/wp\/v2\/posts\/279\/revisions"}],"predecessor-version":[{"id":22159,"href":"https:\/\/combactive.fr\/index.php?rest_route=\/wp\/v2\/posts\/279\/revisions\/22159"}],"wp:featuredmedia":[{"embeddable":true,"href":"https:\/\/combactive.fr\/index.php?rest_route=\/"}],"wp:attachment":[{"href":"https:\/\/combactive.fr\/index.php?rest_route=%2Fwp%2Fv2%2Fmedia&parent=279"}],"wp:term":[{"taxonomy":"category","embeddable":true,"href":"https:\/\/combactive.fr\/index.php?rest_route=%2Fwp%2Fv2%2Fcategories&post=279"},{"taxonomy":"post_tag","embeddable":true,"href":"https:\/\/combactive.fr\/index.php?rest_route=%2Fwp%2Fv2%2Ftags&post=279"}],"curies":[{"name":"wp","href":"https:\/\/api.w.org\/{rel}","templated":true}]}}