{"id":2822,"date":"2015-06-21T16:52:53","date_gmt":"2015-06-21T14:52:53","guid":{"rendered":"http:\/\/www.combactive.fr\/?p=2822"},"modified":"2015-06-21T16:52:53","modified_gmt":"2015-06-21T14:52:53","slug":"26-27-28-juin-village-festif-climat-dijon","status":"publish","type":"post","link":"https:\/\/combactive.fr\/?p=2822","title":{"rendered":"26, 27 &#038; 28 Juin Village Festif pour le climat, Dijon"},"content":{"rendered":"<p><a href=\"http:\/\/combactive.fr\/wp-content\/uploads\/2015\/05\/alternatiba-dijon-9d0e0.jpg\"><img loading=\"lazy\" decoding=\"async\" class=\" wp-image-2824 alignleft\" alt=\"alternatiba-dijon-9d0e0\" src=\"http:\/\/combactive.fr\/wp-content\/uploads\/2015\/05\/alternatiba-dijon-9d0e0.jpg\" width=\"200\" height=\"283\" \/><\/a><span style=\"font-size: medium;\"><strong>Combactive sera pr\u00e9sent avec Alternatiba Dijon qui est un collectif d\u2019associations et un rassemblement de citoyens venant d\u2019horizons divers partageant tous le m\u00eame engagement vis \u00e0 vis des valeurs de sobri\u00e9t\u00e9 joyeuse, de responsabilit\u00e9 individuelle et collective, de r\u00e9alisme, et d\u2019efficacit\u00e9.<\/strong> <\/span><\/p>\n<p>Sensibilis\u00e9s \u00e0 la cause environnementale et \u00e0 son impact sur les diff\u00e9rents champs de l\u2019activit\u00e9 humaine, les membres de ce collectif ont \u00e0 c\u0153ur de diffuser les connaissances et de faire mieux conna\u00eetre au grand public les alternatives existant pour pallier aux effets de nos modes de consommation actuels.<\/p>\n<p>&nbsp;<\/p>\n<p><span style=\"background-color: #99cc00;\"><strong><span style=\"font-size: medium;\">Du 26 au 28 juin<\/span><\/strong><\/span> : le Village des Alternatives :du vendredi 26 juin 19h00 au dimanche 28 juin, 18h00, seront install\u00e9s huit \u00abquartiers\u00bb au c\u0153ur de la ville de Dijon, dans les jardins du centre ville, pour faire d\u00e9couvrir les solutions alternatives permettant de pr\u00e9server l\u2019environnement, sans tourner le dos au progr\u00e8s, au confort, ni au go\u00fbt de la f\u00eate.<\/p>\n<p><a href=\"http:\/\/combactive.fr\/wp-content\/uploads\/2015\/05\/cendrier.jpg\"><img decoding=\"async\" class=\"aligncenter size-full wp-image-2832\" alt=\"cendrier\" src=\"http:\/\/combactive.fr\/wp-content\/uploads\/2015\/05\/cendrier.jpg\" \/><\/a><\/p>\n<div data-canvas-width=\"184.49679999999998\"><span style=\"background-color: #99cc00;\">1.<\/span> Climats, citoyennet\u00e9s, relations internationales (jardin Darcy et salle Devosge): la COP21, les enjeux internationaux du changement climatique.<\/div>\n<div data-canvas-width=\"184.49679999999998\"><\/div>\n<div data-canvas-width=\"184.49679999999998\"><span style=\"background-color: #99cc00;\">2.<\/span> Agriculture, alimentation et sant\u00e9 (jardin de l\u2019Arquebuse) : les liens entre l\u2019agriculture et l\u2019environnement, le changement climatique et la biodiversit\u00e9. Les liens entre l\u2019agriculture, l\u2019alimentation et la sant\u00e9.<\/div>\n<div data-canvas-width=\"184.49679999999998\"><\/div>\n<div data-canvas-width=\"184.49679999999998\"><span style=\"background-color: #99cc00;\">3.<\/span> Biens communs \/ eau, biodiversit\u00e9, et \u00e9nergie (jardin d\u2019Arquebuse) : la pr\u00e9servation au quotidien des milieux naturels et ruraux pour \u00e9viter le d\u00e9r\u00e8glement climatique, les solutions pour une transition \u00e9nerg\u00e9tique rapide. La compr\u00e9hension des processus \u00e9cologiques en milieux urbain et rural.<\/div>\n<div data-canvas-width=\"184.49679999999998\"><\/div>\n<div data-canvas-width=\"184.49679999999998\"><span style=\"background-color: #99cc00;\">4.<\/span> Transports, mobilit\u00e9s, urbanismes et habitat (jardin Darcy) : un urbanisme revisit\u00e9 privil\u00e9giant les \u00e9co-habitats, les transports doux, les services collectifs et pr\u00e9servant les terres agricoles et les milieux naturels.<\/div>\n<div data-canvas-width=\"184.49679999999998\"><\/div>\n<div data-canvas-width=\"85.7992\"><span style=\"background-color: #99cc00;\">5.<\/span> Z\u00e9ro d\u00e9chets, z\u00e9ro gaspi (jardin Darcy) : repenser nos modes de consommation, afin de limiter le gaspillage et r\u00e9duire les d\u00e9chets, les notions de consommations responsable et raisonn\u00e9es.<\/div>\n<div data-canvas-width=\"288.69599999999997\"><\/div>\n<div data-canvas-width=\"308.752\"><span style=\"background-color: #99cc00;\">6.<\/span> Cultures et moyens de communication (salle Devosge) : l\u2019impact environnemental des TIC, les m\u00e9dias alternatifs, la publicit\u00e9, les logiciels libres.<\/div>\n<div data-canvas-width=\"285.936\"><\/div>\n<div data-canvas-width=\"161.14719999999997\"><span style=\"background-color: #99cc00;\">7.<\/span> Education \u00e0 l\u2019environnement (jardin d\u2019Arquebuse et jardin Darcy) : des ateliers ludiques et p\u00e9dagogiques seront propos\u00e9s aux enfants, aux parents.<\/div>\n<div data-canvas-width=\"161.14719999999997\"><\/div>\n<div data-canvas-width=\"247.55359999999993\"><span style=\"background-color: #99cc00;\">8.<\/span> R\u00e9appropriation de l\u2019\u00e9conomie (jardin d\u2019Arquebuse) : l\u2019\u00e9conomie soutenable au service d\u2019investissements de long terme respectueux de l\u2019environnement.<\/div>\n<div data-canvas-width=\"247.55359999999993\"><a href=\"http:\/\/combactive.fr\/wp-content\/uploads\/2015\/05\/Slider1.jpg\"><img decoding=\"async\" class=\"aligncenter size-full wp-image-2830\" alt=\"Slider1\" src=\"http:\/\/combactive.fr\/wp-content\/uploads\/2015\/05\/Slider1.jpg\" \/><\/a><\/div>\n<div data-canvas-width=\"706.1\"><span style=\"font-size: medium; background-color: #99cc00;\">Instruire et divertir<\/span> Dans le Village des Alternatives comme lors de l\u2019arriv\u00e9e du Tandem Tour, des animations donneront \u00e0 aux \u00e9v\u00e9nements Alternatiba Dijon, le caract\u00e8re festif, ludique et la dimension participative, qui font la marque \u00abAlternatiba\u00bb. Des dispositifs interactifs et du spectacle vivant (concerts, th\u00e9\u00e2tre, jongleurs, clowns, crieurs de rue, fanfare) permettront de dynamiser ces manifestations, de se<\/div>\n<div data-canvas-width=\"618.7\">r\u00e9approprier l\u2019espace public et de cr\u00e9er des interactions avec les visiteurs, qu\u2019ils soient sensibilis\u00e9s \u00e0 la cause environnementale, ou pas du tout. Car l\u2019enjeu est de toucher tous les publics, quels que soient leur \u00e2ge, leur sexe, leur parcours ou leur sensibilit\u00e9. Le challenge \u00e9tant de sortir des pr\u00e9jug\u00e9s et des id\u00e9es re\u00e7ues, afin de faciliter le passage vers les nouveaux modes de vie qu\u2019impliqueront les mesures n\u00e9cessaires pour lutter efficacement contre le changement climatique. Notre slogan : \u00abPartageons les solutions pour un monde meilleur\u00bb. Notre ambition : initier en Bourgogne une dynamique nouvelle autour de l\u2019enjeu environnemental.<\/div>\n<div data-canvas-width=\"618.7\"><a href=\"http:\/\/combactive.fr\/wp-content\/uploads\/2015\/05\/Slider2.jpg\"><img decoding=\"async\" class=\"aligncenter size-full wp-image-2831\" alt=\"Slider2\" src=\"http:\/\/combactive.fr\/wp-content\/uploads\/2015\/05\/Slider2.jpg\" \/><\/a><\/div>\n<div data-canvas-width=\"164.16479999999996\"><span style=\"background-color: #99cc00;\"><strong>14 juillet<\/strong><\/span> : \u00e9tape bourguignonne du Tandem Tour : ce tour parcourra plus de 5000 kilom\u00e8tres pendant l\u2019<\/div>\n<div data-canvas-width=\"71.33679999999998\">\u00e9t\u00e9 2015 avec des v\u00e9los tandems qui partiront de Bayonne le 5 juin 2015, journ\u00e9e mondiale de l\u2019environnement, et arriveront \u00e0 Paris le 26 septembre 2015, pour marquer le lancement d\u2019Alternatiba \u00cele-de-France. Pendant ces 4 mois, ils auront fait \u00e9tape dans 180 territoires de l\u2019hexagone et de 5 pays europ\u00e9ens, et se seront arr\u00eat\u00e9s \u00e0 Marsannay-la-c\u00f4te (21).<\/div>\n<p>&nbsp;<\/p>\n<p>&nbsp;<\/p>\n<p>&nbsp;<\/p>\n<p>&nbsp;<\/p>\n<p>&nbsp;<\/p>\n<p>&nbsp;<\/p>\n<p>&nbsp;<\/p>\n<p>&nbsp;<\/p>\n<p>&nbsp;<\/p>\n<p><span style=\"background-color: #99cc00;\"><a href=\"http:\/\/combactive.fr\/wp-content\/uploads\/2015\/05\/Doc.pdf\"><span style=\"background-color: #99cc00;\">Document PDF Informations<\/span><\/a><\/span><\/p>\n","protected":false},"excerpt":{"rendered":"<p>Combactive sera pr\u00e9sent avec Alternatiba Dijon qui est un collectif d\u2019associations et un rassemblement de citoyens venant d\u2019horizons divers partageant tous le m\u00eame engagement vis \u00e0 vis des valeurs de sobri\u00e9t\u00e9 joyeuse, de responsabilit\u00e9 individuelle et collective, de r\u00e9alisme, et d\u2019efficacit\u00e9. Sensibilis\u00e9s \u00e0 la cause environnementale et \u00e0 son impact sur les diff\u00e9rents champs de<a class=\"wp-block-latest-posts__read-more\" href=\"https:\/\/combactive.fr\/?p=2822\"> Voir plus +<\/a><\/p>\n","protected":false},"author":1,"featured_media":23669,"comment_status":"closed","ping_status":"closed","sticky":false,"template":"","format":"standard","meta":{"_acf_changed":false,"footnotes":""},"categories":[19],"tags":[],"class_list":["post-2822","post","type-post","status-publish","format-standard","has-post-thumbnail","hentry","category-salon-bio"],"acf":[],"_links":{"self":[{"href":"https:\/\/combactive.fr\/index.php?rest_route=\/wp\/v2\/posts\/2822","targetHints":{"allow":["GET"]}}],"collection":[{"href":"https:\/\/combactive.fr\/index.php?rest_route=\/wp\/v2\/posts"}],"about":[{"href":"https:\/\/combactive.fr\/index.php?rest_route=\/wp\/v2\/types\/post"}],"author":[{"embeddable":true,"href":"https:\/\/combactive.fr\/index.php?rest_route=\/wp\/v2\/users\/1"}],"replies":[{"embeddable":true,"href":"https:\/\/combactive.fr\/index.php?rest_route=%2Fwp%2Fv2%2Fcomments&post=2822"}],"version-history":[{"count":0,"href":"https:\/\/combactive.fr\/index.php?rest_route=\/wp\/v2\/posts\/2822\/revisions"}],"wp:featuredmedia":[{"embeddable":true,"href":"https:\/\/combactive.fr\/index.php?rest_route=\/wp\/v2\/media\/23669"}],"wp:attachment":[{"href":"https:\/\/combactive.fr\/index.php?rest_route=%2Fwp%2Fv2%2Fmedia&parent=2822"}],"wp:term":[{"taxonomy":"category","embeddable":true,"href":"https:\/\/combactive.fr\/index.php?rest_route=%2Fwp%2Fv2%2Fcategories&post=2822"},{"taxonomy":"post_tag","embeddable":true,"href":"https:\/\/combactive.fr\/index.php?rest_route=%2Fwp%2Fv2%2Ftags&post=2822"}],"curies":[{"name":"wp","href":"https:\/\/api.w.org\/{rel}","templated":true}]}}