{"id":2835,"date":"2026-02-23T16:40:57","date_gmt":"2026-02-23T16:40:57","guid":{"rendered":"http:\/\/www.combactive.fr\/?p=2835"},"modified":"2026-02-23T16:40:57","modified_gmt":"2026-02-23T16:40:57","slug":"5-septembre-paris-contre-cdes-mezilles","status":"publish","type":"post","link":"https:\/\/combactive.fr\/?p=2835","title":{"rendered":"Transport 5 Sept Paris contre le CEDS de M\u00e9zilles"},"content":{"rendered":"<p><a href=\"http:\/\/combactive.fr\/wp-content\/uploads\/2015\/06\/faeryland-magc3a0-ettori-affiche-web.jpg\"><img loading=\"lazy\" decoding=\"async\" class=\"wp-image-2917 alignleft\" src=\"http:\/\/combactive.fr\/wp-content\/uploads\/2015\/06\/faeryland-magc3a0-ettori-affiche-web.jpg\" alt=\"faeryland-magc3a0-ettori-affiche-web\" width=\"137\" height=\"212\" \/><\/a><strong><span style=\"font-size: medium;\">Le samedi 5 se<\/span><\/strong><strong><span style=\"font-size: medium;\">ptembre 2015, lors de la 6i\u00e8m manifestation unitaire, contre la vivisection,<\/span><\/strong><span style=\"font-size: medium;\"><span style=\"font-size: small;\">(et donc contre le CEDS (Centre d\u2019Elevage Des Souches de M\u00e9zilles), ainsi que contre l\u2019\u00e9levage Harlan de Gannat, <\/span><\/span><span style=\"font-size: medium;\">Place de la Sorbonne,\u00a0<\/span><strong><span style=\"font-size: medium;\">Combactive a organis\u00e9 comme \u00e0 son habitude un transport pour s&rsquo;y rendre.<\/span><\/strong><\/p>\n<p><span style=\"background-color: #99cc00;\"><a href=\"http:\/\/faerylandlefilm.wordpress.com\/\" target=\"_blank\" rel=\"noopener\"><span style=\"background-color: #99cc00;\">En avant premi\u00e8re, le film\u00a0\u00bbFearyland\u00a0\u00bb de Mag\u00e0 Ettori<\/span><\/a><\/span>.\u00ab Le jour viendra o\u00f9 les personnes comme moi regarderont le meurtre des animaux comme ils regardent le meurtre des \u00eatres humains \u00bb \u00e9crivait L\u00e9onard de Vinci<\/p>\n<p>&nbsp;<\/p>\n<p>&nbsp;<\/p>\n<p>&nbsp;<\/p>\n<p>&nbsp;<\/p>\n<p><a href=\"http:\/\/combactive.fr\/wp-content\/uploads\/2015\/06\/Experimentation-animale-une-barbarie-injustifiee_article_landscape_pm_v8.jpg\"><img loading=\"lazy\" decoding=\"async\" class=\"wp-image-2918 alignleft\" src=\"http:\/\/combactive.fr\/wp-content\/uploads\/2015\/06\/Experimentation-animale-une-barbarie-injustifiee_article_landscape_pm_v8.jpg\" alt=\"Experimentation-animale-une-barbarie-injustifiee_article_landscape_pm_v8\" width=\"417\" height=\"276\" \/><\/a><\/p>\n<div><span style=\"background-color: #99cc00; font-size: medium;\"><strong><a href=\"http:\/\/www.parismatch.com\/Actu\/Societe\/Experimentation-animale-une-barbarie-injustifiee-animaux-cobayes-749126\" target=\"_blank\" rel=\"noopener\"><span style=\"background-color: #99cc00;\">11,5 millions d\u2019animaux cobayes par an<\/span><\/a><\/strong><\/span><\/div>\n<p><span style=\"font-size: medium;\"><a href=\"http:\/\/www.parismatch.com\/Actu\/Societe\/Experimentation-animale-une-barbarie-injustifiee-animaux-cobayes-749126\" target=\"_blank\" rel=\"noopener\">Exp\u00e9rimentation animale, une barbarie injustifi\u00e9e (Article Paris Match)<\/a><\/span><\/p>\n<p><span style=\"font-size: small;\"><em>Image r\u00e9alis\u00e9e en octobre 2014, par les associations BUAV et Soko, lors de leur infiltration dans les laboratoires d&rsquo;un Institut allemand.<\/em><\/span><\/p>\n\n<p><a href=\"http:\/\/combactive.fr\/wp-content\/uploads\/2015\/05\/488180_520796544612611_1175394046_n.jpg\"><img loading=\"lazy\" decoding=\"async\" class=\"wp-image-2837 aligncenter\" src=\"http:\/\/combactive.fr\/wp-content\/uploads\/2015\/05\/488180_520796544612611_1175394046_n.jpg\" alt=\"488180_520796544612611_1175394046_n\" width=\"576\" height=\"432\" \/><\/a><\/p>\n","protected":false},"excerpt":{"rendered":"<p>Le samedi 5 septembre 2015, lors de la 6i\u00e8m manifestation unitaire, contre la vivisection,(et donc contre le CEDS (Centre d\u2019Elevage Des Souches de M\u00e9zilles), ainsi que contre l\u2019\u00e9levage Harlan de Gannat, Place de la Sorbonne,\u00a0Combactive a organis\u00e9 comme \u00e0 son habitude un transport pour s&rsquo;y rendre. En avant premi\u00e8re, le film\u00a0\u00bbFearyland\u00a0\u00bb de Mag\u00e0 Ettori.\u00ab Le<a class=\"wp-block-latest-posts__read-more\" href=\"https:\/\/combactive.fr\/?p=2835\"> Voir plus +<\/a><\/p>\n","protected":false},"author":1,"featured_media":23690,"comment_status":"closed","ping_status":"closed","sticky":false,"template":"","format":"standard","meta":{"_acf_changed":false,"footnotes":""},"categories":[3,4],"tags":[],"class_list":["post-2835","post","type-post","status-publish","format-standard","has-post-thumbnail","hentry","category-experimentation-animale","category-faeryland"],"acf":[],"_links":{"self":[{"href":"https:\/\/combactive.fr\/index.php?rest_route=\/wp\/v2\/posts\/2835","targetHints":{"allow":["GET"]}}],"collection":[{"href":"https:\/\/combactive.fr\/index.php?rest_route=\/wp\/v2\/posts"}],"about":[{"href":"https:\/\/combactive.fr\/index.php?rest_route=\/wp\/v2\/types\/post"}],"author":[{"embeddable":true,"href":"https:\/\/combactive.fr\/index.php?rest_route=\/wp\/v2\/users\/1"}],"replies":[{"embeddable":true,"href":"https:\/\/combactive.fr\/index.php?rest_route=%2Fwp%2Fv2%2Fcomments&post=2835"}],"version-history":[{"count":1,"href":"https:\/\/combactive.fr\/index.php?rest_route=\/wp\/v2\/posts\/2835\/revisions"}],"predecessor-version":[{"id":3626,"href":"https:\/\/combactive.fr\/index.php?rest_route=\/wp\/v2\/posts\/2835\/revisions\/3626"}],"wp:featuredmedia":[{"embeddable":true,"href":"https:\/\/combactive.fr\/index.php?rest_route=\/wp\/v2\/media\/23690"}],"wp:attachment":[{"href":"https:\/\/combactive.fr\/index.php?rest_route=%2Fwp%2Fv2%2Fmedia&parent=2835"}],"wp:term":[{"taxonomy":"category","embeddable":true,"href":"https:\/\/combactive.fr\/index.php?rest_route=%2Fwp%2Fv2%2Fcategories&post=2835"},{"taxonomy":"post_tag","embeddable":true,"href":"https:\/\/combactive.fr\/index.php?rest_route=%2Fwp%2Fv2%2Ftags&post=2835"}],"curies":[{"name":"wp","href":"https:\/\/api.w.org\/{rel}","templated":true}]}}