{"id":2930,"date":"2015-09-15T16:24:43","date_gmt":"2015-09-15T14:24:43","guid":{"rendered":"http:\/\/www.combactive.fr\/?p=2930"},"modified":"2015-09-15T16:24:43","modified_gmt":"2015-09-15T14:24:43","slug":"revolution-significative-du-statut-juridique-lanimal","status":"publish","type":"post","link":"https:\/\/combactive.fr\/?p=2930","title":{"rendered":"(R)EVOLUTION SIGNIFICATIVE DU STATUT JURIDIQUE DE L&rsquo;ANIMAL"},"content":{"rendered":"<p style=\"text-align: center;\"><span style=\"font-size: medium;\"><strong><span style=\"background-color: #99cc00;\">Combactive a organis\u00e9 un bus pour se rendre \u00e0 la manifestation du 12 Septembre \u00e0 Paris organis\u00e9 par FUDA.<\/span> <\/strong><\/span><\/p>\n<div><\/div>\n<div><a href=\"http:\/\/combactive.fr\/wp-content\/uploads\/2015\/09\/11222961_1019764978056373_2860450057023028519_n.jpg\"><img loading=\"lazy\" decoding=\"async\" class=\"size-medium wp-image-2933 alignleft\" alt=\"11222961_1019764978056373_2860450057023028519_n\" src=\"http:\/\/combactive.fr\/wp-content\/uploads\/2015\/09\/11222961_1019764978056373_2860450057023028519_n-250x92.jpg\" width=\"250\" height=\"92\" \/><\/a> <a href=\"http:\/\/combactive.fr\/wp-content\/uploads\/2015\/09\/11231153_1008397545859783_6536726034607807468_n.jpg\"><img loading=\"lazy\" decoding=\"async\" class=\"wp-image-2934 alignleft\" alt=\"11231153_1008397545859783_6536726034607807468_n\" src=\"http:\/\/combactive.fr\/wp-content\/uploads\/2015\/09\/11231153_1008397545859783_6536726034607807468_n.jpg\" width=\"250\" height=\"92\" \/><\/a> <a href=\"http:\/\/combactive.fr\/wp-content\/uploads\/2015\/09\/11822500_1019303271435877_8343933908893531270_n.jpg\"><img loading=\"lazy\" decoding=\"async\" class=\"wp-image-2935 alignleft\" alt=\"11822500_1019303271435877_8343933908893531270_n\" src=\"http:\/\/combactive.fr\/wp-content\/uploads\/2015\/09\/11822500_1019303271435877_8343933908893531270_n.jpg\" width=\"250\" height=\"92\" \/><\/a>\u00a0 <a href=\"http:\/\/combactive.fr\/wp-content\/uploads\/2015\/09\/11846513_1015063308526540_1728311839417277625_n.jpg\"><img loading=\"lazy\" decoding=\"async\" class=\"wp-image-2937 alignleft\" alt=\"11846513_1015063308526540_1728311839417277625_n\" src=\"http:\/\/combactive.fr\/wp-content\/uploads\/2015\/09\/11846513_1015063308526540_1728311839417277625_n.jpg\" width=\"250\" height=\"92\" \/><\/a><a href=\"http:\/\/combactive.fr\/wp-content\/uploads\/2015\/09\/11825912_1014599208572950_5854293682509837200_n.jpg\"><img loading=\"lazy\" decoding=\"async\" class=\"wp-image-2936 alignleft\" alt=\"11825912_1014599208572950_5854293682509837200_n\" src=\"http:\/\/combactive.fr\/wp-content\/uploads\/2015\/09\/11825912_1014599208572950_5854293682509837200_n.jpg\" width=\"250\" height=\"92\" \/><\/a> <a href=\"http:\/\/combactive.fr\/wp-content\/uploads\/2015\/09\/11866215_1018284858204385_2782062437829349843_n.jpg\"><img loading=\"lazy\" decoding=\"async\" class=\"wp-image-2938 alignleft\" alt=\"11866215_1018284858204385_2782062437829349843_n\" src=\"http:\/\/combactive.fr\/wp-content\/uploads\/2015\/09\/11866215_1018284858204385_2782062437829349843_n.jpg\" width=\"250\" height=\"92\" \/><\/a><span style=\"font-size: medium;\"><strong>DES MILLIERS D&rsquo;ANIMAUX PRENNENT LE CHEMIN DES ABATTOIRS, DES CORRIDAS SERONT ENCORE ORGANIS\u00c9ES DANS NOTRE PAYS ET <\/strong><strong>LA CHASSE, LE MARCHA<\/strong><strong>NDAGE ET L&rsquo;EXPLOITATION ANIMALE VONT PERDURE<\/strong><\/span><strong><span style=\"font-size: small;\"><span style=\"font-size: medium;\">R \u00ab\u00a0EN TOUTE L\u00c9GALIT\u00c9 ?!<\/span> <\/span> <\/strong><\/div>\n<div><\/div>\n<div><\/div>\n<div><\/div>\n<div>\n\n<\/div>\n<div><\/div>\n<div><\/div>\n<div><\/div>\n<div><\/div>\n<div><\/div>\n<div><\/div>\n<div><\/div>\n<div id=\"id_55f82635f3ef54a34920952\"><strong>Depuis le 28 ja<\/strong><strong>nvier dernier, l\u2019animal est reconnu par le Code civil comme un \u00ab\u00a0\u00eatre vivant dou\u00e9 de sensibi<\/strong><strong>lit\u00e9\u00a0\u00bb<\/strong><\/div>\n<p><strong> Si cette petite marche vers le bien-\u00eatre animal est une nouvelle encourageante, elle n\u2019est pas la ligne d\u2019arriv\u00e9e mais le point de d\u00e9part d\u2019un long chemin vers le bien-\u00eatre animal dans notre pays.<\/strong><\/p>\n<p><strong> En s\u2019alignant sur le code rural et le code p\u00e9nal, cette r\u00e9forme devrait refondre le cadre th\u00e9orique du droit animalier et renforcer la port\u00e9e et l\u2019application des lois en vigueur (80% des plaintes pour maltraitance et actes de cruaut\u00e9 sont class\u00e9es sans suite)<\/strong><\/p>\n<p><strong> Il nous appartient d\u00e9sormais, \u00e0 nous, garants du bien-\u00eatre animal, citoyens, militants, associations, de veiller \u00e0 ce que la th\u00e9orie rejoigne la pratique.<\/strong><\/p>\n<p><strong> Ainsi, cette ann\u00e9e encore, nous restons mobilis\u00e9s et demandons une \u00e9volution significative du statut juridique de l\u2019animal, le renforcement des peines et l\u2019application des lois en vigueur, l\u2019abolition des exceptions culturelles (corridas, combats de coqs), l\u2019\u00e9galit\u00e9 juridique pour tous les animaux (familiers, \u00e9levages, sauvages), l\u2019interdiction des animaux dans les cirques, foires et delphinariums&#8230;a cr\u00e9ation d\u2019une cat\u00e9gorie juridique de \u00abpersonne non humaine\u00bb sp\u00e9cifique aux animaux&#8230;<\/strong><\/p>\n<p><em>__________________________<wbr \/>____<\/em><\/p>\n<p><em> Mise \u00e0 jour du 28\/01\/2015:<\/em><br \/>\n<em> Apr\u00e8s un aller-retour compliqu\u00e9 entre Assembl\u00e9e et S\u00e9nat, le Parlement vient de trancher: les animaux sont donc dou\u00e9s de sensibilit\u00e9&#8230;<\/em><\/p>\n<p><em> Satisfaction et vigilance, car le vrai travail commence ici&#8230; Demain matin, veaux, vaches, cochons prendront le chemin des abattoirs, demain des taureaux seront tra\u00een\u00e9s dans les ar\u00e8nes par pure sadisme et dans le cadre parfaitement l\u00e9gal de \u00ab\u00a0l&rsquo;exception culturelle\u00a0\u00bb, demain des animaux seront mutil\u00e9s dans les laboratoires, d&rsquo;autres encore seront fouett\u00e9s pour faire les clowns sous les chapiteaux et d&rsquo;autres seront d\u00e9pec\u00e9s au nom de la mode&#8230;<\/em><\/p>\n<p><em> Il appartient d\u00e9sormais aux garants du bien \u00eatre animal, associations et militants de mettre en \u00e9vidence les incoh\u00e9rences th\u00e9oriques et pratiques et de veiller au respect des lois en vigueur&#8230; La question du bien-\u00eatre animal se jouera plus que jamais sur le terrain judiciaire&#8230;<\/em><\/p>\n<p><em> BRAVO ET MERCI \u00e0 Monsieur le D\u00e9put\u00e9 PS Jean Glavany qui a port\u00e9 ce texte sans jamais renoncer, \u00e0 Laurence Abeille, \u00e0 Genevi\u00e8ve GAILLARD, Sylviane ALAUX, Patrick BALKANY, G\u00e9rard BAPT, Dino CINIERI, G\u00e9rald DARMANIN, Jean-Pierre DECOOL, Yves FOULON, Laurent GRANDGUILLAUME, Arlette GROSSKOST, Armand JUNG, Fr\u00e9d\u00e9ric LEFEBVRE, Lionel LUCA, Gilles LURTON, Alain MARSAUD, Patrice MARTIN-LALANDE, Philippe NOGU\u00c8S et Fran\u00e7ois ROCHEBLOINE&#8230; Merci \u00e0 toutes ces personnalit\u00e9s publiques et politiques qui se sont engag\u00e9es aux c\u00f4t\u00e9s des protecteurs des animaux&#8230; <\/em><\/p>\n<p><em> M\u00eame si les animaux restent des \u00ab\u00a0biens\u00a0\u00bb, ce petit pas devrait ouvrir des portes sur le chemin du bien-\u00eatre animal&#8230; Tout commence ici&#8230;<\/em><\/p>\n<p><em> __________<\/em><\/p>\n<p><em> Mise \u00e0 jour du 24\/01\/15<\/em><br \/>\n<em> Le S\u00e9nat a supprim\u00e9 le jeudi 22 janvier, la qualit\u00e9 \u00abd&rsquo;\u00eatres vivants dou\u00e9s de sensibilit\u00e9\u00bb accord\u00e9e par l&rsquo;Assembl\u00e9e nationale aux animaux (&#8230;) Il revient \u00e0 l&rsquo;Assembl\u00e9e de se prononcer en dernier ressort sur l&rsquo;ensemble du texte.<\/em><br \/>\n<em> __________<\/em><\/p>\n","protected":false},"excerpt":{"rendered":"<p>Combactive a organis\u00e9 un bus pour se rendre \u00e0 la manifestation du 12 Septembre \u00e0 Paris organis\u00e9 par FUDA. \u00a0 DES MILLIERS D&rsquo;ANIMAUX PRENNENT LE CHEMIN DES ABATTOIRS, DES CORRIDAS SERONT ENCORE ORGANIS\u00c9ES DANS NOTRE PAYS ET LA CHASSE, LE MARCHANDAGE ET L&rsquo;EXPLOITATION ANIMALE VONT PERDURER \u00ab\u00a0EN TOUTE L\u00c9GALIT\u00c9 ?! Depuis le 28 janvier dernier,<a class=\"wp-block-latest-posts__read-more\" href=\"https:\/\/combactive.fr\/?p=2930\"> Voir plus +<\/a><\/p>\n","protected":false},"author":1,"featured_media":23696,"comment_status":"closed","ping_status":"closed","sticky":false,"template":"","format":"standard","meta":{"_acf_changed":false,"footnotes":""},"categories":[8],"tags":[],"class_list":["post-2930","post","type-post","status-publish","format-standard","has-post-thumbnail","hentry","category-exploitation-animale"],"acf":[],"_links":{"self":[{"href":"https:\/\/combactive.fr\/index.php?rest_route=\/wp\/v2\/posts\/2930","targetHints":{"allow":["GET"]}}],"collection":[{"href":"https:\/\/combactive.fr\/index.php?rest_route=\/wp\/v2\/posts"}],"about":[{"href":"https:\/\/combactive.fr\/index.php?rest_route=\/wp\/v2\/types\/post"}],"author":[{"embeddable":true,"href":"https:\/\/combactive.fr\/index.php?rest_route=\/wp\/v2\/users\/1"}],"replies":[{"embeddable":true,"href":"https:\/\/combactive.fr\/index.php?rest_route=%2Fwp%2Fv2%2Fcomments&post=2930"}],"version-history":[{"count":0,"href":"https:\/\/combactive.fr\/index.php?rest_route=\/wp\/v2\/posts\/2930\/revisions"}],"wp:featuredmedia":[{"embeddable":true,"href":"https:\/\/combactive.fr\/index.php?rest_route=\/wp\/v2\/media\/23696"}],"wp:attachment":[{"href":"https:\/\/combactive.fr\/index.php?rest_route=%2Fwp%2Fv2%2Fmedia&parent=2930"}],"wp:term":[{"taxonomy":"category","embeddable":true,"href":"https:\/\/combactive.fr\/index.php?rest_route=%2Fwp%2Fv2%2Fcategories&post=2930"},{"taxonomy":"post_tag","embeddable":true,"href":"https:\/\/combactive.fr\/index.php?rest_route=%2Fwp%2Fv2%2Ftags&post=2930"}],"curies":[{"name":"wp","href":"https:\/\/api.w.org\/{rel}","templated":true}]}}