{"id":2965,"date":"2015-09-16T16:03:40","date_gmt":"2015-09-16T14:03:40","guid":{"rendered":"http:\/\/www.combactive.fr\/?p=2965"},"modified":"2015-09-16T16:03:40","modified_gmt":"2015-09-16T14:03:40","slug":"laika-adopte-nouvelle-famille","status":"publish","type":"post","link":"https:\/\/combactive.fr\/?p=2965","title":{"rendered":"La\u00efka a adopt\u00e9 une nouvelle famille"},"content":{"rendered":"<p>&nbsp;<\/p>\n<p><a href=\"http:\/\/combactive.fr\/wp-content\/uploads\/2015\/09\/laika.jpg\"><img loading=\"lazy\" decoding=\"async\" class=\"wp-image-3011 alignleft\" alt=\"laika\" src=\"http:\/\/combactive.fr\/wp-content\/uploads\/2015\/09\/laika-250x298.jpg\" width=\"250\" height=\"298\" \/><\/a><span style=\"font-size: medium;\"><strong>C&rsquo;est l&rsquo;histoire de La\u00efka, une American Staff de 3 ans. <\/strong><\/span><\/p>\n<p><span style=\"font-size: medium;\">La\u00efka a d\u00e9j\u00e0 eu 5 propri\u00e9taires diff\u00e9rents et est \u00e0 la recherche de la 6i\u00e8me : alert\u00e9 par un v\u00e9t\u00e9rinaire de Dijon, nous mettons en place nos relais pour parvenir \u00e0 des solutions durables. Une militante de Combactive, Anna Maria va constater l&rsquo;\u00e9tat et les conditions de vie de la chienne. Outre le fait de ses changements r\u00e9currents d&rsquo;adoptants, elle devait vivre en permanence sur le balcon et ces derniers ma\u00eetres devraient s&rsquo;en aller s&rsquo;en pouvoir l&#8217;emmener. <\/span><\/p>\n<p>&nbsp;<\/p>\n<p>&nbsp;<\/p>\n<p><a href=\"http:\/\/combactive.fr\/wp-content\/uploads\/2015\/09\/laika1.jpg\"><img loading=\"lazy\" decoding=\"async\" class=\"wp-image-3013 alignright\" alt=\"laika1\" src=\"http:\/\/combactive.fr\/wp-content\/uploads\/2015\/09\/laika1-250x298.jpg\" width=\"250\" height=\"298\" \/><\/a><\/p>\n<p>&nbsp;<\/p>\n<p>&nbsp;<\/p>\n<p><strong><span style=\"font-size: medium;\">Nous avons 72 heures !<\/span><\/strong><\/p>\n<p><span style=\"font-size: medium;\">Par le biais de nos militants nous activons nos relais et c&rsquo;est l&rsquo;association El Rancho Les Canailles qui r\u00e9pond \u00e0 notre appel. La pr\u00e9sidente trouve une famille d&rsquo;accueil bas\u00e9e sur Dijon, Maud <strong>(MERCI)<\/strong> va donc accueillir La\u00efka en attendant une famille adoptante adapt\u00e9e aux besoins de la chienne. <strong><\/strong><\/span><\/p>\n<p><span style=\"font-size: medium;\">De nouveaux propri\u00e9taires sont trouv\u00e9 \u00e0 Tours : <strong>Julie et Mathieu<\/strong> vont accueillir La\u00efka.<\/span><\/p>\n<p>&nbsp;<\/p>\n<p><span style=\"font-size: medium;\">La\u00efka en covoiturage avec Fabien<\/span><\/p>\n\n<p><strong>La\u00efka aux derni\u00e8res nouvelles n&rsquo;est pas encore totalement propre mais il y des am\u00e9liorations. Elle a eu tous ces vaccins et sa st\u00e9rilisation a \u00e9t\u00e9 repouss\u00e9e \u00e0 1 mois due aux rappels des vaccins. La\u00efka est sous traitement antibiotique pour pallier \u00e0 un probl\u00e8me des yeux et un traitement antifongique car elle couverte de levures (champignons) qui n\u00e9cessitent \u00e9galement un shampoing 2 fois par semaine.<\/strong><\/p>\n<p><span style=\"font-size: medium;\"><strong>Et la voici dans sa nouvelle famille<\/strong><\/span><\/p>\n\n","protected":false},"excerpt":{"rendered":"<p>&nbsp; C&rsquo;est l&rsquo;histoire de La\u00efka, une American Staff de 3 ans. La\u00efka a d\u00e9j\u00e0 eu 5 propri\u00e9taires diff\u00e9rents et est \u00e0 la recherche de la 6i\u00e8me : alert\u00e9 par un v\u00e9t\u00e9rinaire de Dijon, nous mettons en place nos relais pour parvenir \u00e0 des solutions durables. Une militante de Combactive, Anna Maria va constater l&rsquo;\u00e9tat et<a class=\"wp-block-latest-posts__read-more\" href=\"https:\/\/combactive.fr\/?p=2965\"> Voir plus +<\/a><\/p>\n","protected":false},"author":1,"featured_media":23742,"comment_status":"closed","ping_status":"closed","sticky":false,"template":"","format":"standard","meta":{"_acf_changed":false,"footnotes":""},"categories":[23],"tags":[],"class_list":["post-2965","post","type-post","status-publish","format-standard","has-post-thumbnail","hentry","category-adoption"],"acf":[],"_links":{"self":[{"href":"https:\/\/combactive.fr\/index.php?rest_route=\/wp\/v2\/posts\/2965","targetHints":{"allow":["GET"]}}],"collection":[{"href":"https:\/\/combactive.fr\/index.php?rest_route=\/wp\/v2\/posts"}],"about":[{"href":"https:\/\/combactive.fr\/index.php?rest_route=\/wp\/v2\/types\/post"}],"author":[{"embeddable":true,"href":"https:\/\/combactive.fr\/index.php?rest_route=\/wp\/v2\/users\/1"}],"replies":[{"embeddable":true,"href":"https:\/\/combactive.fr\/index.php?rest_route=%2Fwp%2Fv2%2Fcomments&post=2965"}],"version-history":[{"count":0,"href":"https:\/\/combactive.fr\/index.php?rest_route=\/wp\/v2\/posts\/2965\/revisions"}],"wp:featuredmedia":[{"embeddable":true,"href":"https:\/\/combactive.fr\/index.php?rest_route=\/wp\/v2\/media\/23742"}],"wp:attachment":[{"href":"https:\/\/combactive.fr\/index.php?rest_route=%2Fwp%2Fv2%2Fmedia&parent=2965"}],"wp:term":[{"taxonomy":"category","embeddable":true,"href":"https:\/\/combactive.fr\/index.php?rest_route=%2Fwp%2Fv2%2Fcategories&post=2965"},{"taxonomy":"post_tag","embeddable":true,"href":"https:\/\/combactive.fr\/index.php?rest_route=%2Fwp%2Fv2%2Ftags&post=2965"}],"curies":[{"name":"wp","href":"https:\/\/api.w.org\/{rel}","templated":true}]}}