{"id":303,"date":"2026-02-23T16:40:58","date_gmt":"2026-02-23T16:40:58","guid":{"rendered":"http:\/\/www.combactive.fr\/?p=303"},"modified":"2026-02-23T16:40:58","modified_gmt":"2026-02-23T16:40:58","slug":"manifestations-anti-corrida","status":"publish","type":"post","link":"https:\/\/combactive.fr\/?p=303","title":{"rendered":"Manifestations anti-corrida"},"content":{"rendered":"<p>Manifestations anti-corrida du 20 octobre \u00e0 Paris et \u00e0 N\u00eemes<\/p>\n<p>Dans les deux villes, les d\u00e9fenseurs des droits des animaux \u00e9taient nombreux \u00e0 se r\u00e9volter contre la d\u00e9cision du Conseil d&rsquo;Etat et l&rsquo;inscription de la corrida au patrimoine culturel immat\u00e9riel de la France.<\/p>\n<p>Malgr\u00e9 la pluie qui n&rsquo;a cess\u00e9 durant tout l&rsquo;apr\u00e8s-midi, plus de 1 000 manifestants \u00e9taient rassembl\u00e9s sur la place du Palais Royal, pr\u00e8s du Minist\u00e8re de la Culture, pour r\u00e9clamer l&rsquo;abolition de la corrida.<\/p>\n<p>A la tribune, de nombreux repr\u00e9sentants de la cause animale ont pris la parole, parmi lesquels\u00a0 : Yves Cochet, Allain Bougrain-Dubourg et le magistrat G\u00e9rard Charollois.<\/p>\n<p>Par ailleurs, une d\u00e9l\u00e9gation compos\u00e9e de Christophe Marie de la Fondation Brigitte Bardot, Jean-Pierre Garrigues, Vice-pr\u00e9sident du CRAC Europe, David Chauvet de Droits des Animaux, Orianne Vatin de la SPA et Henry-Jean Servat \u00e9tait re\u00e7ue dans d&rsquo;exellentes conditions pendant plus de 45 minutes par un repr\u00e9sentant de la Ministre de la Culture. L\u2019annulation de l\u2019inscription de la corrida au PCI (patrimoine culturel immat\u00e9riel) de la France \u00e9tait \u00e9videment au coeur du d\u00e9bat.<\/p>\n<p>Au m\u00eame moment, \u00e0 N\u00eemes, \u00a0\u00e0 l&rsquo;appel de l&rsquo;Alliance Anticorrida, de nombreux manifestants tout d&rsquo;abord rassembl\u00e9s devant la pr\u00e9fecture, ont d\u00e9fil\u00e9 en cort\u00e8ge dans les rues de la ville, non sans avoir pr\u00e9alablement protest\u00e9 sur le parvis des ar\u00e8nes.<\/p>\n<p><iframe loading=\"lazy\" src=\"http:\/\/www.youtube.com\/embed\/zZNSnY5P6mc\" height=\"350\" width=\"425\" frameborder=\"0\"><\/iframe><\/p>\n<p>&nbsp;<\/p>\n","protected":false},"excerpt":{"rendered":"<p>Manifestations anti-corrida du 20 octobre \u00e0 Paris et \u00e0 N\u00eemes Dans les deux villes, les d\u00e9fenseurs des droits des animaux \u00e9taient nombreux \u00e0 se r\u00e9volter contre la d\u00e9cision du Conseil d&rsquo;Etat et l&rsquo;inscription de la corrida au patrimoine culturel immat\u00e9riel de la France. Malgr\u00e9 la pluie qui n&rsquo;a cess\u00e9 durant tout l&rsquo;apr\u00e8s-midi, plus de 1<a class=\"wp-block-latest-posts__read-more\" href=\"https:\/\/combactive.fr\/?p=303\"> Voir plus +<\/a><\/p>\n","protected":false},"author":1,"featured_media":23139,"comment_status":"closed","ping_status":"closed","sticky":false,"template":"","format":"standard","meta":{"_acf_changed":false,"footnotes":""},"categories":[5],"tags":[],"class_list":["post-303","post","type-post","status-publish","format-standard","has-post-thumbnail","hentry","category-corrida"],"acf":[],"_links":{"self":[{"href":"https:\/\/combactive.fr\/index.php?rest_route=\/wp\/v2\/posts\/303","targetHints":{"allow":["GET"]}}],"collection":[{"href":"https:\/\/combactive.fr\/index.php?rest_route=\/wp\/v2\/posts"}],"about":[{"href":"https:\/\/combactive.fr\/index.php?rest_route=\/wp\/v2\/types\/post"}],"author":[{"embeddable":true,"href":"https:\/\/combactive.fr\/index.php?rest_route=\/wp\/v2\/users\/1"}],"replies":[{"embeddable":true,"href":"https:\/\/combactive.fr\/index.php?rest_route=%2Fwp%2Fv2%2Fcomments&post=303"}],"version-history":[{"count":1,"href":"https:\/\/combactive.fr\/index.php?rest_route=\/wp\/v2\/posts\/303\/revisions"}],"predecessor-version":[{"id":1741,"href":"https:\/\/combactive.fr\/index.php?rest_route=\/wp\/v2\/posts\/303\/revisions\/1741"}],"wp:featuredmedia":[{"embeddable":true,"href":"https:\/\/combactive.fr\/index.php?rest_route=\/wp\/v2\/media\/23139"}],"wp:attachment":[{"href":"https:\/\/combactive.fr\/index.php?rest_route=%2Fwp%2Fv2%2Fmedia&parent=303"}],"wp:term":[{"taxonomy":"category","embeddable":true,"href":"https:\/\/combactive.fr\/index.php?rest_route=%2Fwp%2Fv2%2Fcategories&post=303"},{"taxonomy":"post_tag","embeddable":true,"href":"https:\/\/combactive.fr\/index.php?rest_route=%2Fwp%2Fv2%2Ftags&post=303"}],"curies":[{"name":"wp","href":"https:\/\/api.w.org\/{rel}","templated":true}]}}