{"id":3037,"date":"2015-09-25T13:39:03","date_gmt":"2015-09-25T11:39:03","guid":{"rendered":"http:\/\/www.combactive.fr\/?p=3037"},"modified":"2015-09-25T13:39:03","modified_gmt":"2015-09-25T11:39:03","slug":"besoin-dune-famille","status":"publish","type":"post","link":"https:\/\/combactive.fr\/?p=3037","title":{"rendered":"Besoin d&rsquo;une famille"},"content":{"rendered":"<div style=\"text-align: left;\"><span style=\"font-size: medium;\">Une maman et ses 4 petits de Delle (Territoire de Belfort) sont \u00e0 la rue. C&rsquo;est Nathalie qui nous fait un appel pour trouver une famille adoptante pour cette jolie tribu. La maman est tigr\u00e9e mouchet\u00e9e avec de grands yeux verts, elle a trois petits et une petite grise. La maman s\u00e9journe au bord d&rsquo;une route, ce qui n&rsquo;est pas le lieu id\u00e9al et sans danger pour ses \u00ab\u00a0mouflets\u00a0\u00bb !<\/span><\/div>\n<div style=\"text-align: left;\"><span style=\"font-size: medium;\">Les diff\u00e9rentes associations sur place n&rsquo;ont pas r\u00e9pondu favorablement \u00e0 l&rsquo;accueil de cette famille chat. <\/span><\/div>\n<div style=\"text-align: left;\"><span style=\"font-size: medium;\">Nous recherchons donc une famille d&rsquo;adoptants, si vous \u00eates s\u00e9rieux, contactez nous par t\u00e9l\u00e9phone au 06.31.21.77.42<\/span><\/div>\n<div><a href=\"http:\/\/combactive.fr\/wp-content\/uploads\/2015\/09\/fille-chatte.jpg\"><img loading=\"lazy\" decoding=\"async\" class=\"aligncenter  wp-image-3038\" alt=\"fille chatte\" src=\"http:\/\/combactive.fr\/wp-content\/uploads\/2015\/09\/fille-chatte-250x253.jpg\" width=\"436\" height=\"441\" \/><\/a> <a href=\"http:\/\/combactive.fr\/wp-content\/uploads\/2015\/09\/photo-famille-chatte.jpg\"><img loading=\"lazy\" decoding=\"async\" class=\"aligncenter  wp-image-3039\" alt=\"photo famille chatte\" src=\"http:\/\/combactive.fr\/wp-content\/uploads\/2015\/09\/photo-famille-chatte-250x353.jpg\" width=\"429\" height=\"605\" \/><\/a><\/div>\n<div><\/div>\n<div><\/div>\n","protected":false},"excerpt":{"rendered":"<p>Une maman et ses 4 petits de Delle (Territoire de Belfort) sont \u00e0 la rue. C&rsquo;est Nathalie qui nous fait un appel pour trouver une famille adoptante pour cette jolie tribu. La maman est tigr\u00e9e mouchet\u00e9e avec de grands yeux verts, elle a trois petits et une petite grise. La maman s\u00e9journe au bord d&rsquo;une<a class=\"wp-block-latest-posts__read-more\" href=\"https:\/\/combactive.fr\/?p=3037\"> Voir plus +<\/a><\/p>\n","protected":false},"author":1,"featured_media":23741,"comment_status":"closed","ping_status":"closed","sticky":false,"template":"","format":"standard","meta":{"_acf_changed":false,"footnotes":""},"categories":[23],"tags":[],"class_list":["post-3037","post","type-post","status-publish","format-standard","has-post-thumbnail","hentry","category-adoption"],"acf":[],"_links":{"self":[{"href":"https:\/\/combactive.fr\/index.php?rest_route=\/wp\/v2\/posts\/3037","targetHints":{"allow":["GET"]}}],"collection":[{"href":"https:\/\/combactive.fr\/index.php?rest_route=\/wp\/v2\/posts"}],"about":[{"href":"https:\/\/combactive.fr\/index.php?rest_route=\/wp\/v2\/types\/post"}],"author":[{"embeddable":true,"href":"https:\/\/combactive.fr\/index.php?rest_route=\/wp\/v2\/users\/1"}],"replies":[{"embeddable":true,"href":"https:\/\/combactive.fr\/index.php?rest_route=%2Fwp%2Fv2%2Fcomments&post=3037"}],"version-history":[{"count":0,"href":"https:\/\/combactive.fr\/index.php?rest_route=\/wp\/v2\/posts\/3037\/revisions"}],"wp:featuredmedia":[{"embeddable":true,"href":"https:\/\/combactive.fr\/index.php?rest_route=\/wp\/v2\/media\/23741"}],"wp:attachment":[{"href":"https:\/\/combactive.fr\/index.php?rest_route=%2Fwp%2Fv2%2Fmedia&parent=3037"}],"wp:term":[{"taxonomy":"category","embeddable":true,"href":"https:\/\/combactive.fr\/index.php?rest_route=%2Fwp%2Fv2%2Fcategories&post=3037"},{"taxonomy":"post_tag","embeddable":true,"href":"https:\/\/combactive.fr\/index.php?rest_route=%2Fwp%2Fv2%2Ftags&post=3037"}],"curies":[{"name":"wp","href":"https:\/\/api.w.org\/{rel}","templated":true}]}}