{"id":3083,"date":"2015-09-27T14:03:25","date_gmt":"2015-09-27T12:03:25","guid":{"rendered":"http:\/\/www.combactive.fr\/?p=3083"},"modified":"2015-09-27T14:03:25","modified_gmt":"2015-09-27T12:03:25","slug":"grand-dej-2015","status":"publish","type":"post","link":"https:\/\/combactive.fr\/?p=3083","title":{"rendered":"Grand d\u00e8j 2015"},"content":{"rendered":"<p>Organis\u00e9 par la Ligue de l\u2019enseignement de C\u00f4te d\u2019Or, la F\u00e9d\u00e9ration R\u00e9gionale des MJC de Bourgogne-Champagne, l\u2019Union d\u00e9partemental<span style=\"font-size:0px; color:#ff0000;\">\ufeff<a href=\"http:\/\/www.viagrabytffa.com\/\">\u5a01\u800c\u92fc<\/a><br \/>\n<\/span>e des MJC de C\u00f4te d\u2019Or et la Direction de la Vie Associative de la Ville de Dijon, a eu lieu le <strong>Grand D\u00e9j des associations<\/strong>\u00a0 pour sa 15<sup>e<\/sup> \u00e9dition, dimanche <strong>27 septembre 2015<\/strong> sur les berges du <strong>Lac Kir \u00e0 Dijon<\/strong>.<\/p>\n<p>Comme chaque ann\u00e9e Combactive a propos\u00e9 \u00e0 la buvette une bi\u00e8re locale au cot\u00e9 de la MJC des Bourroches.<\/p>\n<p>Nous avons \u00e9galement tenu un stand lors de cette occasion pour informer la population sur les objectifs et les actions de Combactive. Une belle journ\u00e9e ensoleill\u00e9e nous attendait, et des passants r\u00e9ceptifs au combat que nous livrons ! Les questions sur la protection de la nature et le droit des animaux sont de plus en plus soulev\u00e9es, et les gens remettent en conscience leur mode de consommation.<\/p>\n\n","protected":false},"excerpt":{"rendered":"<p>Organis\u00e9 par la Ligue de l\u2019enseignement de C\u00f4te d\u2019Or, la F\u00e9d\u00e9ration R\u00e9gionale des MJC de Bourgogne-Champagne, l\u2019Union d\u00e9partemental\ufeff\u5a01\u800c\u92fc e des MJC de C\u00f4te d\u2019Or et la Direction de la Vie Associative de la Ville de Dijon, a eu lieu le Grand D\u00e9j des associations\u00a0 pour sa 15e \u00e9dition, dimanche 27 septembre 2015 sur les berges<a class=\"wp-block-latest-posts__read-more\" href=\"https:\/\/combactive.fr\/?p=3083\"> Voir plus +<\/a><\/p>\n","protected":false},"author":1,"featured_media":23828,"comment_status":"closed","ping_status":"closed","sticky":false,"template":"","format":"standard","meta":{"_acf_changed":false,"footnotes":""},"categories":[15],"tags":[],"class_list":["post-3083","post","type-post","status-publish","format-standard","has-post-thumbnail","hentry","category-grand-dej"],"acf":[],"_links":{"self":[{"href":"https:\/\/combactive.fr\/index.php?rest_route=\/wp\/v2\/posts\/3083","targetHints":{"allow":["GET"]}}],"collection":[{"href":"https:\/\/combactive.fr\/index.php?rest_route=\/wp\/v2\/posts"}],"about":[{"href":"https:\/\/combactive.fr\/index.php?rest_route=\/wp\/v2\/types\/post"}],"author":[{"embeddable":true,"href":"https:\/\/combactive.fr\/index.php?rest_route=\/wp\/v2\/users\/1"}],"replies":[{"embeddable":true,"href":"https:\/\/combactive.fr\/index.php?rest_route=%2Fwp%2Fv2%2Fcomments&post=3083"}],"version-history":[{"count":0,"href":"https:\/\/combactive.fr\/index.php?rest_route=\/wp\/v2\/posts\/3083\/revisions"}],"wp:featuredmedia":[{"embeddable":true,"href":"https:\/\/combactive.fr\/index.php?rest_route=\/wp\/v2\/media\/23828"}],"wp:attachment":[{"href":"https:\/\/combactive.fr\/index.php?rest_route=%2Fwp%2Fv2%2Fmedia&parent=3083"}],"wp:term":[{"taxonomy":"category","embeddable":true,"href":"https:\/\/combactive.fr\/index.php?rest_route=%2Fwp%2Fv2%2Fcategories&post=3083"},{"taxonomy":"post_tag","embeddable":true,"href":"https:\/\/combactive.fr\/index.php?rest_route=%2Fwp%2Fv2%2Ftags&post=3083"}],"curies":[{"name":"wp","href":"https:\/\/api.w.org\/{rel}","templated":true}]}}