{"id":3160,"date":"2015-12-21T11:05:07","date_gmt":"2015-12-21T09:05:07","guid":{"rendered":"http:\/\/www.combactive.fr\/?p=3160"},"modified":"2015-12-21T11:05:07","modified_gmt":"2015-12-21T09:05:07","slug":"emagny-conclusion","status":"publish","type":"post","link":"https:\/\/combactive.fr\/?p=3160","title":{"rendered":"Emagny : RESULTAT DE L&rsquo;ENQU\u00caTE PUBLIQUE"},"content":{"rendered":"<p style=\"text-align: center;\">Journal France Bleu Besan\u00e7on du 21 d\u00e9cembre 2015 : Affaire \u00e9levage de Visons d&rsquo;Emagny (Doubs)<\/p>\n<p style=\"text-align: center;\"><audio class=\"wp-audio-shortcode\" id=\"audio-3160-1\" preload=\"none\" style=\"width: 100%;\" controls=\"controls\"><source type=\"audio\/mpeg\" src=\"http:\/\/combactive.fr\/wp-content\/uploads\/2015\/12\/emagny-12-2015.mp3?_=1\" \/><a href=\"http:\/\/combactive.fr\/wp-content\/uploads\/2015\/12\/emagny-12-2015.mp3\">http:\/\/combactive.fr\/wp-content\/uploads\/2015\/12\/emagny-12-2015.mp3<\/a><\/audio><\/p>\n<p style=\"text-align: center;\"><span style=\"font-size: small;\"><strong>Rapport et conclusions de l&rsquo;enqu\u00eate publique d&rsquo;EMAGNY.<\/strong><\/span><\/p>\n<p style=\"text-align: center;\"><span style=\"font-size: large;\">L&rsquo;\u00e9leveur est-il r\u00e9gularis\u00e9 et autoris\u00e9 \u00e0 augmenter son cheptel \u00e0 18200 visons ?<\/span><\/p>\n<p><a href=\"http:\/\/combactive.fr\/wp-content\/uploads\/2015\/11\/5908-RAPPORT-231015CS-EMAGNY+SCEA+du+Charmot+rapport.pdf\" target=\"_blank\" rel=\"noopener\"><img loading=\"lazy\" decoding=\"async\" class=\"wp-image-3164 alignleft\" alt=\"Rapport_(newspaper)\" src=\"http:\/\/combactive.fr\/wp-content\/uploads\/2015\/11\/Rapport_newspaper-250x153.gif\" width=\"250\" height=\"153\" \/><\/a><a href=\"http:\/\/combactive.fr\/wp-content\/uploads\/2015\/11\/5908-CONCLUSION-051115CS-EMAGNY+SCEA+du+Charmot+conclusions.pdf\" target=\"_blank\" rel=\"noopener\"><img loading=\"lazy\" decoding=\"async\" class=\"size-medium wp-image-3167 alignright\" alt=\"conclusion\" src=\"http:\/\/combactive.fr\/wp-content\/uploads\/2015\/11\/conclusion-250x145.jpg\" width=\"250\" height=\"145\" \/><\/a><\/p>\n","protected":false},"excerpt":{"rendered":"<p>Journal France Bleu Besan\u00e7on du 21 d\u00e9cembre 2015 : Affaire \u00e9levage de Visons d&rsquo;Emagny (Doubs) Rapport et conclusions de l&rsquo;enqu\u00eate publique d&rsquo;EMAGNY. L&rsquo;\u00e9leveur est-il r\u00e9gularis\u00e9 et autoris\u00e9 \u00e0 augmenter son cheptel \u00e0 18200 visons ?<\/p>\n","protected":false},"author":1,"featured_media":23845,"comment_status":"closed","ping_status":"closed","sticky":false,"template":"","format":"standard","meta":{"_acf_changed":false,"footnotes":""},"categories":[11],"tags":[],"class_list":["post-3160","post","type-post","status-publish","format-standard","has-post-thumbnail","hentry","category-emagny-2"],"acf":[],"_links":{"self":[{"href":"https:\/\/combactive.fr\/index.php?rest_route=\/wp\/v2\/posts\/3160","targetHints":{"allow":["GET"]}}],"collection":[{"href":"https:\/\/combactive.fr\/index.php?rest_route=\/wp\/v2\/posts"}],"about":[{"href":"https:\/\/combactive.fr\/index.php?rest_route=\/wp\/v2\/types\/post"}],"author":[{"embeddable":true,"href":"https:\/\/combactive.fr\/index.php?rest_route=\/wp\/v2\/users\/1"}],"replies":[{"embeddable":true,"href":"https:\/\/combactive.fr\/index.php?rest_route=%2Fwp%2Fv2%2Fcomments&post=3160"}],"version-history":[{"count":0,"href":"https:\/\/combactive.fr\/index.php?rest_route=\/wp\/v2\/posts\/3160\/revisions"}],"wp:featuredmedia":[{"embeddable":true,"href":"https:\/\/combactive.fr\/index.php?rest_route=\/wp\/v2\/media\/23845"}],"wp:attachment":[{"href":"https:\/\/combactive.fr\/index.php?rest_route=%2Fwp%2Fv2%2Fmedia&parent=3160"}],"wp:term":[{"taxonomy":"category","embeddable":true,"href":"https:\/\/combactive.fr\/index.php?rest_route=%2Fwp%2Fv2%2Fcategories&post=3160"},{"taxonomy":"post_tag","embeddable":true,"href":"https:\/\/combactive.fr\/index.php?rest_route=%2Fwp%2Fv2%2Ftags&post=3160"}],"curies":[{"name":"wp","href":"https:\/\/api.w.org\/{rel}","templated":true}]}}