{"id":32,"date":"2017-01-25T23:39:47","date_gmt":"2017-01-25T22:39:47","guid":{"rendered":"http:\/\/emagny-elevage-visons.fr\/wordpressFourrure\/?p=32"},"modified":"2017-01-25T23:39:47","modified_gmt":"2017-01-25T22:39:47","slug":"nouveau-site-de-lelevage-de-visons-demagny","status":"publish","type":"post","link":"https:\/\/combactive.fr\/?p=32","title":{"rendered":"Le nouveau site de l&rsquo;\u00e9levage de visons d&rsquo;Emagny"},"content":{"rendered":"<p>Ce tout nouveau site vient remplacer l&rsquo;original cr\u00e9\u00e9 en 2012, plus a\u00e9r\u00e9, plus lisible et avec une ouverture sur la fourrure en g\u00e9n\u00e9ral.<\/p>\n<p>Nous parlerons \u00e9videmment en majeure Partie de l&rsquo;\u00e9levage d&rsquo;<strong>\u00c9magny<\/strong>, mais vous trouverez \u00e9galement des photos d&rsquo;un autre \u00e9levage tr\u00e8s proche de celui d&rsquo;\u00c9magny, celui de <strong>Montarlot les Rioz<\/strong>. Ce dernier \u00e9tant implant\u00e9 sur le d\u00e9partement de la Haute Sa\u00f4ne (70) alors qu&rsquo;\u00c9magny est situ\u00e9 dans le Doubs (25).<br \/>\nPourtant il n&rsquo;y a que 16 kms qui les s\u00e9parent, nous vous laissons imaginer les tours de passe-passe entre les 2 \u00e9levages.<br \/>\n<strong>Revenons-en pour le moment \u00e0 \u00c9magny<\/strong> :<br \/>\nNous devons passer \u00e0 la vitesse sup\u00e9rieure puisque les annulations des autorisations d&rsquo;exploiter ainsi que la condamnation de l&rsquo;\u00e9leveur \u00e0 de la prison ferme n&rsquo;ont pas suffi \u00e0 raisonner les autorit\u00e9s publiques pour <strong>fermer d\u00e9finitivement cet \u00e9levage de la mort.<\/strong><\/p>\n<p style=\"text-align: center;\">Nous avons gagn\u00e9 toutes les batailles, mais pas gagn\u00e9 la guerre.<\/p>\n<p style=\"text-align: center;\">L&rsquo;\u00e9leveur veut r\u00e9gulariser son exploitation et exploiter 18200 visons !<\/p>\n<p><span style=\"color: #000000;\">L&rsquo;administration et la mairie d&rsquo;\u00c9magny ont tout fait pour que cet \u00e9levage, qui compte depuis sa cr\u00e9ation (1985) un nombre inou\u00ef d&rsquo;infractions, prosp\u00e8re au d\u00e9triment de la vie de milliers d&rsquo;animaux sacrifi\u00e9s tous les ans, avec des risques majeurs pour l&rsquo;environnement.<\/span><\/p>\n<p><strong><span style=\"color: #ff0000;\">Extrait de la derni\u00e8re action men\u00e9e directement contre cet \u00e9levage<\/span><\/strong><br \/>\n<span style=\"color: #333333;\"><em>Merci \u00e0 la chanteuse KreezyR et \u00e0 M\u00e9dhi\u00a0<\/em><\/span><\/p>\n<div style=\"width: 1280px;\" class=\"wp-video\"><video class=\"wp-video-shortcode\" id=\"video-32-1\" width=\"1280\" height=\"720\" poster=\"http:\/\/emagny-elevage-visons.fr\/wp-content\/uploads\/2017\/04\/LaurieFourrure.jpg\" preload=\"metadata\" controls=\"controls\"><source type=\"video\/mp4\" src=\"http:\/\/emagny-elevage-visons.fr\/wp-content\/uploads\/2017\/04\/Manif-Emagny-KrazyR-et-MedhiHD.mp4?_=1\" \/><a href=\"http:\/\/emagny-elevage-visons.fr\/wp-content\/uploads\/2017\/04\/Manif-Emagny-KrazyR-et-MedhiHD.mp4\">http:\/\/emagny-elevage-visons.fr\/wp-content\/uploads\/2017\/04\/Manif-Emagny-KrazyR-et-MedhiHD.mp4<\/a><\/video><\/div>\n<p><span style=\"color: #ff0000;\">VOUS AVEZ DES INFORMATIONS ET SOUHAITEZ NOUS LES COMMUNIQUER<br \/>\n[gravityform id=\u00a0\u00bb2&Prime; title=\u00a0\u00bbtrue\u00a0\u00bb description=\u00a0\u00bbtrue\u00a0\u00bb]<br \/>\n<\/span><\/p>\n<p>&nbsp;<\/p>\n<p>&nbsp;<\/p>\n","protected":false},"excerpt":{"rendered":"<p>Ce tout nouveau site vient remplacer l&rsquo;original cr\u00e9\u00e9 en 2012, plus a\u00e9r\u00e9, plus lisible et avec une ouverture sur la fourrure en g\u00e9n\u00e9ral. Nous parlerons \u00e9videmment en majeure Partie de l&rsquo;\u00e9levage d&rsquo;\u00c9magny, mais vous trouverez \u00e9galement des photos d&rsquo;un autre \u00e9levage tr\u00e8s proche de celui d&rsquo;\u00c9magny, celui de Montarlot les Rioz. Ce dernier \u00e9tant implant\u00e9<a class=\"wp-block-latest-posts__read-more\" href=\"https:\/\/combactive.fr\/?p=32\"> Voir plus +<\/a><\/p>\n","protected":false},"author":1,"featured_media":24435,"comment_status":"open","ping_status":"open","sticky":false,"template":"","format":"standard","meta":{"_acf_changed":false,"footnotes":""},"categories":[9],"tags":[],"class_list":["post-32","post","type-post","status-publish","format-standard","has-post-thumbnail","hentry","category-non-classe"],"acf":[],"_links":{"self":[{"href":"https:\/\/combactive.fr\/index.php?rest_route=\/wp\/v2\/posts\/32","targetHints":{"allow":["GET"]}}],"collection":[{"href":"https:\/\/combactive.fr\/index.php?rest_route=\/wp\/v2\/posts"}],"about":[{"href":"https:\/\/combactive.fr\/index.php?rest_route=\/wp\/v2\/types\/post"}],"author":[{"embeddable":true,"href":"https:\/\/combactive.fr\/index.php?rest_route=\/wp\/v2\/users\/1"}],"replies":[{"embeddable":true,"href":"https:\/\/combactive.fr\/index.php?rest_route=%2Fwp%2Fv2%2Fcomments&post=32"}],"version-history":[{"count":0,"href":"https:\/\/combactive.fr\/index.php?rest_route=\/wp\/v2\/posts\/32\/revisions"}],"wp:featuredmedia":[{"embeddable":true,"href":"https:\/\/combactive.fr\/index.php?rest_route=\/wp\/v2\/media\/24435"}],"wp:attachment":[{"href":"https:\/\/combactive.fr\/index.php?rest_route=%2Fwp%2Fv2%2Fmedia&parent=32"}],"wp:term":[{"taxonomy":"category","embeddable":true,"href":"https:\/\/combactive.fr\/index.php?rest_route=%2Fwp%2Fv2%2Fcategories&post=32"},{"taxonomy":"post_tag","embeddable":true,"href":"https:\/\/combactive.fr\/index.php?rest_route=%2Fwp%2Fv2%2Ftags&post=32"}],"curies":[{"name":"wp","href":"https:\/\/api.w.org\/{rel}","templated":true}]}}