{"id":3344,"date":"2016-03-01T12:13:43","date_gmt":"2016-03-01T10:13:43","guid":{"rendered":"http:\/\/www.combactive.fr\/?p=3344"},"modified":"2016-03-01T12:13:43","modified_gmt":"2016-03-01T10:13:43","slug":"merdano-cirque-maltraite-les-animo","status":"publish","type":"post","link":"https:\/\/combactive.fr\/?p=3344","title":{"rendered":"\u00ab\u00a0MERDano\u00a0\u00bb le cirque qui maltraite les AnimO"},"content":{"rendered":"<p style=\"text-align: center;\"><strong><span style=\"font-size: x-large;\">\u00ab\u00a0MERDano\u00a0\u00bb le cirque qui maltraite les AnimO<\/span><\/strong><\/p>\n<p>Ce samedi 27.02, une manifestation a eu lieu \u00e0 Dijon, devant le cirque MERDano. Nous \u00e9tions une 40aine \u00e0 faire face au cirque et aux spectateurs venus nombreux avec leurs enfants !<\/p>\n<p><a href=\"http:\/\/combactive.fr\/wp-content\/uploads\/2016\/03\/10411228_1516905071948927_3734755025578514453_n.jpg\"><img decoding=\"async\" class=\"aligncenter size-full wp-image-3346\" alt=\"10411228_1516905071948927_3734755025578514453_n\" src=\"http:\/\/combactive.fr\/wp-content\/uploads\/2016\/03\/10411228_1516905071948927_3734755025578514453_n.jpg\" \/><\/a> <a href=\"http:\/\/combactive.fr\/wp-content\/uploads\/2016\/03\/12512273_1516938975278870_6998434213630696786_n.jpg\"><img decoding=\"async\" class=\"aligncenter size-full wp-image-3347\" alt=\"12512273_1516938975278870_6998434213630696786_n\" src=\"http:\/\/combactive.fr\/wp-content\/uploads\/2016\/03\/12512273_1516938975278870_6998434213630696786_n.jpg\" \/><\/a> <a href=\"http:\/\/combactive.fr\/wp-content\/uploads\/2016\/03\/12801320_956588257758065_8258325205678387525_n.jpg\"><img decoding=\"async\" class=\"aligncenter size-full wp-image-3350\" alt=\"12801320_956588257758065_8258325205678387525_n\" src=\"http:\/\/combactive.fr\/wp-content\/uploads\/2016\/03\/12801320_956588257758065_8258325205678387525_n.jpg\" \/><\/a><\/p>\n<p>D&rsquo;un c\u00f4t\u00e9 la masse obscurantiste (avec ses gamins \u00e0 la r\u00e9flexion gomm\u00e9e, pour le moment), de l&rsquo;autre la minorit\u00e9 \u00e9clair\u00e9e !<\/p>\n\n","protected":false},"excerpt":{"rendered":"<p>\u00ab\u00a0MERDano\u00a0\u00bb le cirque qui maltraite les AnimO Ce samedi 27.02, une manifestation a eu lieu \u00e0 Dijon, devant le cirque MERDano. Nous \u00e9tions une 40aine \u00e0 faire face au cirque et aux spectateurs venus nombreux avec leurs enfants ! D&rsquo;un c\u00f4t\u00e9 la masse obscurantiste (avec ses gamins \u00e0 la r\u00e9flexion gomm\u00e9e, pour le moment), de<a class=\"wp-block-latest-posts__read-more\" href=\"https:\/\/combactive.fr\/?p=3344\"> Voir plus +<\/a><\/p>\n","protected":false},"author":1,"featured_media":23914,"comment_status":"closed","ping_status":"closed","sticky":false,"template":"","format":"standard","meta":{"_acf_changed":false,"footnotes":""},"categories":[9],"tags":[],"class_list":["post-3344","post","type-post","status-publish","format-standard","has-post-thumbnail","hentry","category-non-classe"],"acf":[],"_links":{"self":[{"href":"https:\/\/combactive.fr\/index.php?rest_route=\/wp\/v2\/posts\/3344","targetHints":{"allow":["GET"]}}],"collection":[{"href":"https:\/\/combactive.fr\/index.php?rest_route=\/wp\/v2\/posts"}],"about":[{"href":"https:\/\/combactive.fr\/index.php?rest_route=\/wp\/v2\/types\/post"}],"author":[{"embeddable":true,"href":"https:\/\/combactive.fr\/index.php?rest_route=\/wp\/v2\/users\/1"}],"replies":[{"embeddable":true,"href":"https:\/\/combactive.fr\/index.php?rest_route=%2Fwp%2Fv2%2Fcomments&post=3344"}],"version-history":[{"count":0,"href":"https:\/\/combactive.fr\/index.php?rest_route=\/wp\/v2\/posts\/3344\/revisions"}],"wp:featuredmedia":[{"embeddable":true,"href":"https:\/\/combactive.fr\/index.php?rest_route=\/wp\/v2\/media\/23914"}],"wp:attachment":[{"href":"https:\/\/combactive.fr\/index.php?rest_route=%2Fwp%2Fv2%2Fmedia&parent=3344"}],"wp:term":[{"taxonomy":"category","embeddable":true,"href":"https:\/\/combactive.fr\/index.php?rest_route=%2Fwp%2Fv2%2Fcategories&post=3344"},{"taxonomy":"post_tag","embeddable":true,"href":"https:\/\/combactive.fr\/index.php?rest_route=%2Fwp%2Fv2%2Ftags&post=3344"}],"curies":[{"name":"wp","href":"https:\/\/api.w.org\/{rel}","templated":true}]}}