{"id":3358,"date":"2016-03-06T19:13:06","date_gmt":"2016-03-06T17:13:06","guid":{"rendered":"http:\/\/www.combactive.fr\/?p=3358"},"modified":"2016-03-06T19:13:06","modified_gmt":"2016-03-06T17:13:06","slug":"les-saisons","status":"publish","type":"post","link":"https:\/\/combactive.fr\/?p=3358","title":{"rendered":"Les Saisons"},"content":{"rendered":"<p style=\"text-align: center;\"><strong><span style=\"font-size: large;\"><a href=\"http:\/\/combactive.fr\/wp-content\/uploads\/2016\/03\/Galat\u00e9e-117-ET-0113.jpg\"><img loading=\"lazy\" decoding=\"async\" class=\" wp-image-3368 alignleft\" alt=\"Les saisons - 117 - France\" src=\"http:\/\/combactive.fr\/wp-content\/uploads\/2016\/03\/Galat\u00e9e-117-ET-0113.jpg\" width=\"251\" height=\"196\" \/><\/a><\/span><\/strong><\/p>\n<p style=\"text-align: center;\"><strong><span style=\"font-size: large;\">Le 4 Mars, \u00e0 Sombernon, diffusion du film les Saisons, de Jacques Perrin et Jacques Cluzaud avec les intervenants <span style=\"font-size: x-large;\">Combactive<\/span> et Les Amis de la Terre.<\/span><\/strong><\/p>\n<p style=\"text-align: center;\">\n<p style=\"text-align: center;\">\n<p style=\"text-align: center;\">\n<div><\/div>\n<div><\/div>\n<div><\/div>\n<div><\/div>\n<div><\/div>\n<div><\/div>\n<div><\/div>\n<div><\/div>\n<div><\/div>\n<div><\/div>\n<div><\/div>\n<div><\/div>\n<div><\/div>\n<div><\/div>\n<div><\/div>\n<div><\/div>\n<div><strong><span style=\"text-decoration: underline;\"><i><a href=\"http:\/\/combactive.fr\/wp-content\/uploads\/2016\/03\/12111930_992448264164926_1541204923322494604_n.jpg\"><img loading=\"lazy\" decoding=\"async\" class=\" wp-image-3359 alignright\" alt=\"12111930_992448264164926_1541204923322494604_n\" src=\"http:\/\/combactive.fr\/wp-content\/uploads\/2016\/03\/12111930_992448264164926_1541204923322494604_n.jpg\" width=\"243\" height=\"346\" \/><\/a><\/i><\/span><\/strong><\/div>\n<div><\/div>\n<div><\/div>\n<div><\/div>\n<div><\/div>\n<div><\/div>\n<div><strong><span style=\"text-decoration: underline;\"><i>il y a<\/i> 20 000 <i>ans<\/i><\/span><\/strong><\/div>\n<h1 id=\"jsEpoqueTitle\">La fin de l\u2019\u00e2ge de glace<\/h1>\n<p>A partir de -16 000, l\u2019Europe commence \u00e0 se rechauffer. C\u2019est la fin progressive de l\u2019\u00e2ge de glace. Explorez cette p\u00e9riode de transition \u00e0 travers 3 th\u00e8mes majeurs : la domestication du loup, la cr\u00e9ation des \u00eeles en Europe et la naissance de la for\u00eat.<\/p>\n<p><strong><span style=\"text-decoration: underline;\"><i>il y a<\/i> 14 000 <i>ans<\/i><\/span><\/strong><\/p>\n<h1 id=\"jsEpoqueTitle\">L\u2019\u00e2ge d\u2019or de la for\u00eat<\/h1>\n<p>Apr\u00e8s l\u2019\u00e2ge de glace, le for\u00eat va recouvrir la majeure partie du territoire. L\u2019homme devient s\u00e9dentaire et l\u2019agriculture se d\u00e9veloppe. Avec le b\u0153uf, l\u2019homme va constituer un tandem qui va durablement changer le paysage.<\/p>\n<p>&nbsp;<\/p>\n<p>&nbsp;<\/p>\n<p>&nbsp;<\/p>\n<p>&nbsp;<\/p>\n<p><span style=\"text-decoration: underline;\"><strong><i><a href=\"http:\/\/combactive.fr\/wp-content\/uploads\/2016\/03\/Galat\u00e9e-603-LS-0872-Modifier.jpg\"><img loading=\"lazy\" decoding=\"async\" class=\"wp-image-3371 alignleft\" alt=\"Les Dombes\" src=\"http:\/\/combactive.fr\/wp-content\/uploads\/2016\/03\/Galat\u00e9e-603-LS-0872-Modifier.jpg\" width=\"276\" height=\"184\" \/><\/a>il y a<\/i> 2 000 <i>ans<\/i> <\/strong><\/span><\/p>\n<h1 id=\"jsEpoqueTitle\">L\u2019empire romain<\/h1>\n<div>\n<p>L\u2019empire romain transforme le continent europ\u00e9en. Avec l\u2019essor de l\u2019agriculture c\u2019est la naissance de la campagne. La for\u00eat perd du terrain et c\u2019est tout un \u00e9cosyst\u00e8me qui doit se reconstruire. C\u2019est aussi le temps des premi\u00e8res pollutions majeures.<\/p>\n<\/div>\n<p>&nbsp;<\/p>\n<p>&nbsp;<\/p>\n<p>&nbsp;<\/p>\n<p>&nbsp;<\/p>\n<p>&nbsp;<\/p>\n<p><span style=\"text-decoration: underline;\"><strong><a href=\"http:\/\/combactive.fr\/wp-content\/uploads\/2016\/03\/Galat\u00e9e-518-LS-3900.jpg\"><img loading=\"lazy\" decoding=\"async\" class=\"wp-image-3370 alignleft\" alt=\"518 - Chasse \u00e0 courre\" src=\"http:\/\/combactive.fr\/wp-content\/uploads\/2016\/03\/Galat\u00e9e-518-LS-3900.jpg\" width=\"276\" height=\"184\" \/><\/a>\u00a0<i>il y a<\/i> 800 <i>ans<\/i> <\/strong><\/span><\/p>\n<h1 id=\"jsEpoqueTitle\">Le moyen \u00e2ge<\/h1>\n<div>\n<p>La chute de l\u2019Empire Romain marque le d\u00e9but du Moyen \u00c2ge et l\u2019expansion du christianisme en Europe. Avec la cr\u00e9ation de la pisciculture, les moines transforment le paysage europ\u00e9en. La pression exerc\u00e9e par l\u2019homme sur son environnement s\u2019amplifie et de nombreuses esp\u00e8ces animales doivent modifier leurs habitudes.<\/p>\n<p>&nbsp;<\/p>\n<p>&nbsp;<\/p>\n<p>&nbsp;<\/p>\n<p>&nbsp;<\/p>\n<p>&nbsp;<\/p>\n<p><strong><span style=\"text-decoration: underline;\"><i><a href=\"http:\/\/combactive.fr\/wp-content\/uploads\/2016\/03\/TUNNEL.gif\"><img loading=\"lazy\" decoding=\"async\" class=\"wp-image-3372 alignleft\" alt=\"TUNNEL\" src=\"http:\/\/combactive.fr\/wp-content\/uploads\/2016\/03\/TUNNEL.gif\" width=\"276\" height=\"184\" \/><\/a>il y a<\/i> 250<\/span> <i>ans<\/i>\u00a0<\/strong><\/p>\n<h1 id=\"jsEpoqueTitle\">L\u2019\u00e8re industrielle<\/h1>\n<div>\n<p>Le processus d\u2019industrialisation va \u00e9loigner peu \u00e0 peu les hommes de la nature. Si le progr\u00e8s technique apporte des bienfaits aux hommes, la pollution eu Europe provoque des dommages importants dont on mesure aujourd\u2019hui la port\u00e9e.<\/p>\n<p>&nbsp;<\/p>\n<p>&nbsp;<\/p>\n<p>&nbsp;<\/p>\n<p>&nbsp;<\/p>\n<p><span style=\"text-decoration: underline;\"><strong><a href=\"http:\/\/combactive.fr\/wp-content\/uploads\/2016\/03\/Galat\u00e9e-402-AG-0139.jpg\"><img loading=\"lazy\" decoding=\"async\" class=\" wp-image-3369 alignleft\" alt=\"402 - Grues dans le Jura\" src=\"http:\/\/combactive.fr\/wp-content\/uploads\/2016\/03\/Galat\u00e9e-402-AG-0139.jpg\" width=\"276\" height=\"184\" \/><\/a>Aujourd&rsquo;hui<\/strong><\/span><\/p>\n<h1 id=\"jsEpoqueTitle\">La nouvelle alliance<\/h1>\n<div>\n<p>En dessinant les contours d\u2019une nouvelle alliance avec la nature, l\u2019Homme a la possibilit\u00e9 de r\u00e9tablir un \u00e9quilibre qu\u2019il a lui-m\u00eame bris\u00e9.<\/p>\n<\/div>\n<\/div>\n<p>&nbsp;<\/p>\n<p>&nbsp;<\/p>\n<\/div>\n<p style=\"text-align: center;\"><iframe loading=\"lazy\" src=\"http:\/\/www.youtube.com\/embed\/ZJFXDiGtwn0\" height=\"350\" width=\"425\" allowfullscreen=\"\" frameborder=\"0\"><\/iframe><\/p>\n<p>&nbsp;<\/p>\n","protected":false},"excerpt":{"rendered":"<p>Le 4 Mars, \u00e0 Sombernon, diffusion du film les Saisons, de Jacques Perrin et Jacques Cluzaud avec les intervenants Combactive et Les Amis de la Terre. il y a 20 000 ans La fin de l\u2019\u00e2ge de glace A partir de -16 000, l\u2019Europe commence \u00e0 se rechauffer. C\u2019est la fin progressive de l\u2019\u00e2ge de<a class=\"wp-block-latest-posts__read-more\" href=\"https:\/\/combactive.fr\/?p=3358\"> Voir plus +<\/a><\/p>\n","protected":false},"author":1,"featured_media":23925,"comment_status":"closed","ping_status":"closed","sticky":false,"template":"","format":"standard","meta":{"_acf_changed":false,"footnotes":""},"categories":[27],"tags":[],"class_list":["post-3358","post","type-post","status-publish","format-standard","has-post-thumbnail","hentry","category-les-saisons"],"acf":[],"_links":{"self":[{"href":"https:\/\/combactive.fr\/index.php?rest_route=\/wp\/v2\/posts\/3358","targetHints":{"allow":["GET"]}}],"collection":[{"href":"https:\/\/combactive.fr\/index.php?rest_route=\/wp\/v2\/posts"}],"about":[{"href":"https:\/\/combactive.fr\/index.php?rest_route=\/wp\/v2\/types\/post"}],"author":[{"embeddable":true,"href":"https:\/\/combactive.fr\/index.php?rest_route=\/wp\/v2\/users\/1"}],"replies":[{"embeddable":true,"href":"https:\/\/combactive.fr\/index.php?rest_route=%2Fwp%2Fv2%2Fcomments&post=3358"}],"version-history":[{"count":0,"href":"https:\/\/combactive.fr\/index.php?rest_route=\/wp\/v2\/posts\/3358\/revisions"}],"wp:featuredmedia":[{"embeddable":true,"href":"https:\/\/combactive.fr\/index.php?rest_route=\/wp\/v2\/media\/23925"}],"wp:attachment":[{"href":"https:\/\/combactive.fr\/index.php?rest_route=%2Fwp%2Fv2%2Fmedia&parent=3358"}],"wp:term":[{"taxonomy":"category","embeddable":true,"href":"https:\/\/combactive.fr\/index.php?rest_route=%2Fwp%2Fv2%2Fcategories&post=3358"},{"taxonomy":"post_tag","embeddable":true,"href":"https:\/\/combactive.fr\/index.php?rest_route=%2Fwp%2Fv2%2Ftags&post=3358"}],"curies":[{"name":"wp","href":"https:\/\/api.w.org\/{rel}","templated":true}]}}