{"id":346,"date":"2026-02-23T16:40:58","date_gmt":"2026-02-23T16:40:58","guid":{"rendered":"http:\/\/www.combactive.fr\/?p=346"},"modified":"2026-02-23T16:40:58","modified_gmt":"2026-02-23T16:40:58","slug":"action-sale-dijon","status":"publish","type":"post","link":"https:\/\/combactive.fr\/?p=346","title":{"rendered":"Action SALE Dijon"},"content":{"rendered":"<p><a href=\"http:\/\/combactive.fr\/wp-content\/uploads\/2012\/05\/affiche-sale-dijon-mini.jpg\"><img loading=\"lazy\" decoding=\"async\" class=\"size-medium wp-image-349 alignleft\" alt=\"affiche-sale-dijon-mini\" src=\"http:\/\/combactive.fr\/wp-content\/uploads\/2012\/05\/affiche-sale-dijon-mini-250x352.jpg\" width=\"250\" height=\"352\" \/><\/a>Apr\u00e8s\u00a0Montpellier,\u00a0Marseille,\u00a0Toulouse,\u00a0Lyon,\u00a0Bordeaux, etParis le 21 avril\u00a0(\u00e0 l\u2019occasion de la\u00a0Semaine Mondiale des \u00ab\u00a0Animaux de Laboratoires\u00a0\u00bb), ce sera au tour de<\/p>\n<p>Dijon d\u2019accueillir le happening \u00ab\u00a0Stop aux Animaux dans les Labos\u00a0\u00bb<\/p>\n<p>L\u2019association dijonnaise\u00a0Combactive\u00a0et International Campaigns vont unir leurs forces pour mobiliser et organiser cette action au coeur de la capitale r\u00e9gionale bourguignonne, symbolique \u00e0 plusieurs titres, de part sa proximit\u00e9 avec l\u2019\u00e9levage de chiens destin\u00e9s \u00e0 la vivisection, \u00e0 M\u00e9zilles, dans l\u2019Yonne voisine, et bien s\u00fbr en raison de la pr\u00e9sence dans l\u2019agglom\u00e9ration dijonnaise de centres de vivisection existants ou\u00a0\u00e0 venir\u00a0.<\/p>\n<p>Merci de t\u00e9l\u00e9charger le poster A3 ci-dessus et de l\u2019imprimer en quelques exemplaires que vous pourrez afficher dans les endroits autoris\u00e9s (panneaux d\u2019affichage libres, boutiques, v\u00e9t\u00e9rinaire, facs, refuges, maison des associations\u2026)<\/p>\n<p>Inscrivez vous !<\/p>\n<p>Comme pour toutes les actions similaires,\u00a0l\u2019inscription est obligatoire\u00a0en envoyant un mail \u00e0\u00a0contact[at]combactive.fr\u00a0en pr\u00e9cisant (pour chaque participant):<\/p>\n<ul>\n<li>votre\u00a0pr\u00e9nom<\/li>\n<li>votre\u00a0adresse email\u00a0que vous consultez r\u00e9guli\u00e8rement<\/li>\n<li>votre\u00a0num\u00e9ro de t\u00e9l\u00e9phone<\/li>\n<\/ul>\n<p>C\u2019est essentiel pour que vous puissiez recevoir les consignes en temps voulu, pour que nous puissions vous joindre en cas de changement de derni\u00e8re minute, et pour que nous puissions organiser l\u2019action dans les meilleures conditions.<\/p>\n<p>Ces informations demeureront strictement confidentielles et ne seront utilis\u00e9es pour vous contacter que dans le cadre de l\u2019action.<\/p>\n<p>Le 12 mai, venez avec votre famille protester de fa\u00e7on spectaculaire et pacifique au coeur de Dijon. Toutes celles et ceux qui ont d\u00e9j\u00e0 particip\u00e9 \u00e0 un happening SALE vous diront \u00e0 quel point cette action est intense et a un impact fort.<\/p>\n<p>C\u2019est bien \u00e0 nous tous qu\u2019il revient de faire tomber le mythe de l\u2019animal \u00ab\u00a0mod\u00e8le de l\u2019homme\u00a0\u00bb au service d\u2019un business honteux et dangereux pour la sant\u00e9 humaine, et surtout \u00e0 faire valoir l\u2019ill\u00e9gitimit\u00e9 de cette pratique barbare en termes de droits fondamentaux des animaux.<\/p>\n<p>Votre participation est donc essentielle, car la vivisection ne va ni r\u00e9gresser, ni s\u2019arr\u00eater si nous ne faisons rien.<\/p>\n<p><iframe loading=\"lazy\" src=\"http:\/\/www.youtube.com\/embed\/ti3Yh7GdHfk\" height=\"350\" width=\"425\" frameborder=\"0\"><\/iframe><\/p>\n<p><iframe loading=\"lazy\" src=\"http:\/\/www.dailymotion.com\/embed\/video\/xqtz21\" height=\"270\" width=\"480\" allowfullscreen=\"\" frameborder=\"0\"><\/iframe><br \/>\n<a href=\"http:\/\/www.dailymotion.com\/video\/xqtz21_happening-dijon-12-mai-2012_animals\" target=\"_blank\" rel=\"noopener\">Happening Dijon 12 Mai 2012<\/a> <i>par <a href=\"http:\/\/www.dailymotion.com\/f100003240129104\" target=\"_blank\" rel=\"noopener\">f100003240129104<\/a><\/i><\/p>\n","protected":false},"excerpt":{"rendered":"<p>Apr\u00e8s\u00a0Montpellier,\u00a0Marseille,\u00a0Toulouse,\u00a0Lyon,\u00a0Bordeaux, etParis le 21 avril\u00a0(\u00e0 l\u2019occasion de la\u00a0Semaine Mondiale des \u00ab\u00a0Animaux de Laboratoires\u00a0\u00bb), ce sera au tour de Dijon d\u2019accueillir le happening \u00ab\u00a0Stop aux Animaux dans les Labos\u00a0\u00bb L\u2019association dijonnaise\u00a0Combactive\u00a0et International Campaigns vont unir leurs forces pour mobiliser et organiser cette action au coeur de la capitale r\u00e9gionale bourguignonne, symbolique \u00e0 plusieurs titres, de part<a class=\"wp-block-latest-posts__read-more\" href=\"https:\/\/combactive.fr\/?p=346\"> Voir plus +<\/a><\/p>\n","protected":false},"author":1,"featured_media":22286,"comment_status":"closed","ping_status":"closed","sticky":false,"template":"","format":"standard","meta":{"_acf_changed":false,"footnotes":""},"categories":[3],"tags":[],"class_list":["post-346","post","type-post","status-publish","format-standard","has-post-thumbnail","hentry","category-experimentation-animale"],"acf":[],"_links":{"self":[{"href":"https:\/\/combactive.fr\/index.php?rest_route=\/wp\/v2\/posts\/346","targetHints":{"allow":["GET"]}}],"collection":[{"href":"https:\/\/combactive.fr\/index.php?rest_route=\/wp\/v2\/posts"}],"about":[{"href":"https:\/\/combactive.fr\/index.php?rest_route=\/wp\/v2\/types\/post"}],"author":[{"embeddable":true,"href":"https:\/\/combactive.fr\/index.php?rest_route=\/wp\/v2\/users\/1"}],"replies":[{"embeddable":true,"href":"https:\/\/combactive.fr\/index.php?rest_route=%2Fwp%2Fv2%2Fcomments&post=346"}],"version-history":[{"count":1,"href":"https:\/\/combactive.fr\/index.php?rest_route=\/wp\/v2\/posts\/346\/revisions"}],"predecessor-version":[{"id":3631,"href":"https:\/\/combactive.fr\/index.php?rest_route=\/wp\/v2\/posts\/346\/revisions\/3631"}],"wp:featuredmedia":[{"embeddable":true,"href":"https:\/\/combactive.fr\/index.php?rest_route=\/wp\/v2\/media\/22286"}],"wp:attachment":[{"href":"https:\/\/combactive.fr\/index.php?rest_route=%2Fwp%2Fv2%2Fmedia&parent=346"}],"wp:term":[{"taxonomy":"category","embeddable":true,"href":"https:\/\/combactive.fr\/index.php?rest_route=%2Fwp%2Fv2%2Fcategories&post=346"},{"taxonomy":"post_tag","embeddable":true,"href":"https:\/\/combactive.fr\/index.php?rest_route=%2Fwp%2Fv2%2Ftags&post=346"}],"curies":[{"name":"wp","href":"https:\/\/api.w.org\/{rel}","templated":true}]}}