{"id":351,"date":"2012-03-24T00:00:41","date_gmt":"2012-03-23T23:00:41","guid":{"rendered":"http:\/\/www.combactive.fr\/?p=351"},"modified":"2012-03-24T00:00:41","modified_gmt":"2012-03-23T23:00:41","slug":"marche-pour-les-animaux","status":"publish","type":"post","link":"https:\/\/combactive.fr\/?p=351","title":{"rendered":"Marche pour les animaux"},"content":{"rendered":"<p><img loading=\"lazy\" decoding=\"async\" class=\"size-medium wp-image-352 alignright\" alt=\"dfb718e9DEFAULT\" src=\"http:\/\/combactive.fr\/wp-content\/uploads\/2014\/04\/dfb718e9DEFAULT-250x180.jpg\" width=\"250\" height=\"180\" \/><\/p>\n<p>\u00ab\u00a0En avril 2012, nous donnerons notre voix aux candidats qui prendront en compte la protection des animaux !\u00a0\u00bb.\u00a0Parce que l&rsquo;union fait la force et parce que 2012 sera\u00a0l&rsquo;ann\u00e9e du renouveau (\u00e9lections pr\u00e9sidentielle et l\u00e9gislatives), sept mouvements fran\u00e7ais* de d\u00e9fense des animaux\u00a0ont pris l&rsquo;initiative d&rsquo;un grand rassemblement national de la protection animale \u00e0 N\u00eemes, samedi 24 mars 2012. L&rsquo;objectif : faire entendre la voix de ceux qui n&rsquo;en ont pas en mobilisant le grand public et en repr\u00e9sentant un manifeste aux candidats \u00e0 la pr\u00e9sidentielle. Pour les interpeller, un seul message \u00ab\u00a0En Avril 2012, nous donnerons notre voix aux candidats qui prendront en compte la protection des animaux!\u00a0\u00bb.En t\u00eate du d\u00e9fil\u00e9, les repr\u00e9sentants de toutes les\u00a0organisations\u00a0de la d\u00e9fense animale porteront\u00a0la banderole unitaire \u00ab Nos voix pour les animaux \u00bb pour un tour de la ville.<\/p>\n<p>Merci \u00e0 tous d&rsquo;avoir participer \u00e0 la Marche pour les Animaux\u00a0au cot\u00e9 de l&rsquo;Association Combactive.<\/p>\n\n","protected":false},"excerpt":{"rendered":"<p>\u00ab\u00a0En avril 2012, nous donnerons notre voix aux candidats qui prendront en compte la protection des animaux !\u00a0\u00bb.\u00a0Parce que l&rsquo;union fait la force et parce que 2012 sera\u00a0l&rsquo;ann\u00e9e du renouveau (\u00e9lections pr\u00e9sidentielle et l\u00e9gislatives), sept mouvements fran\u00e7ais* de d\u00e9fense des animaux\u00a0ont pris l&rsquo;initiative d&rsquo;un grand rassemblement national de la protection animale \u00e0 N\u00eemes, samedi 24<a class=\"wp-block-latest-posts__read-more\" href=\"https:\/\/combactive.fr\/?p=351\"> Voir plus +<\/a><\/p>\n","protected":false},"author":1,"featured_media":22235,"comment_status":"closed","ping_status":"closed","sticky":false,"template":"","format":"standard","meta":{"_acf_changed":false,"footnotes":""},"categories":[8],"tags":[],"class_list":["post-351","post","type-post","status-publish","format-standard","has-post-thumbnail","hentry","category-exploitation-animale"],"acf":[],"_links":{"self":[{"href":"https:\/\/combactive.fr\/index.php?rest_route=\/wp\/v2\/posts\/351","targetHints":{"allow":["GET"]}}],"collection":[{"href":"https:\/\/combactive.fr\/index.php?rest_route=\/wp\/v2\/posts"}],"about":[{"href":"https:\/\/combactive.fr\/index.php?rest_route=\/wp\/v2\/types\/post"}],"author":[{"embeddable":true,"href":"https:\/\/combactive.fr\/index.php?rest_route=\/wp\/v2\/users\/1"}],"replies":[{"embeddable":true,"href":"https:\/\/combactive.fr\/index.php?rest_route=%2Fwp%2Fv2%2Fcomments&post=351"}],"version-history":[{"count":0,"href":"https:\/\/combactive.fr\/index.php?rest_route=\/wp\/v2\/posts\/351\/revisions"}],"wp:featuredmedia":[{"embeddable":true,"href":"https:\/\/combactive.fr\/index.php?rest_route=\/wp\/v2\/media\/22235"}],"wp:attachment":[{"href":"https:\/\/combactive.fr\/index.php?rest_route=%2Fwp%2Fv2%2Fmedia&parent=351"}],"wp:term":[{"taxonomy":"category","embeddable":true,"href":"https:\/\/combactive.fr\/index.php?rest_route=%2Fwp%2Fv2%2Fcategories&post=351"},{"taxonomy":"post_tag","embeddable":true,"href":"https:\/\/combactive.fr\/index.php?rest_route=%2Fwp%2Fv2%2Ftags&post=351"}],"curies":[{"name":"wp","href":"https:\/\/api.w.org\/{rel}","templated":true}]}}