{"id":3525,"date":"2017-01-21T12:22:57","date_gmt":"2017-01-21T10:22:57","guid":{"rendered":"http:\/\/www.combactive.fr\/?p=3525"},"modified":"2017-01-21T12:22:57","modified_gmt":"2017-01-21T10:22:57","slug":"les-dessous-de-la-fourrure-21-01-17","status":"publish","type":"post","link":"https:\/\/combactive.fr\/?p=3525","title":{"rendered":"Les Dessous de la fourrure 21.01.17"},"content":{"rendered":"<p><a href=\"http:\/\/combactive.fr\/wp-content\/uploads\/2017\/04\/fb.jpg\"><img loading=\"lazy\" decoding=\"async\" class=\"alignleft wp-image-3528\" src=\"http:\/\/combactive.fr\/wp-content\/uploads\/2017\/04\/fb.jpg\" alt=\"fb\" width=\"406\" height=\"287\" \/><\/a>Le\u00a021 janvier 2017, nous avons montr\u00e9 tout en douceur l\u2019horrible cruaut\u00e9 que repr\u00e9sente la fourrure.<\/p>\n<p>Cette ann\u00e9e encore nous avons organis\u00e9 un rassemblement pour mettre en avant et expliquer les dessous de la fourrure.<br \/>\nQu&rsquo;elle soit int\u00e9grale sous forme de manteaux confectionn\u00e9s par de pseudo grands couturiers ou en ornement sur des capuches, manches ou pompons de bonnets et de v\u00eatements de pr\u00eat-\u00e0-porter, la FOURRURE fait vivre l\u2019enfer \u00e0 des animaux pendant toute leur courte vie.<\/p>\n<p>Rappelons qu\u2019\u00e0 force de travail et d\u2019investissement aupr\u00e8s du public et des tribunaux, nous avons r\u00e9ussi au bout de 4 ann\u00e9es, \u00e0 faire condamner pour la 1\u00e8re fois en France, un \u00e9leveur de visons de la r\u00e9gion (Emagny <a href=\"http:\/\/combactive.fr\/wp-content\/uploads\/2017\/04\/fb-fl.jpg\"><img loading=\"lazy\" decoding=\"async\" class=\"alignleft wp-image-3529\" src=\"http:\/\/combactive.fr\/wp-content\/uploads\/2017\/04\/fb-fl.jpg\" alt=\"fb fl\" width=\"319\" height=\"414\" \/><\/a>dans le Doubs) \u00e0 1 an de prison FERME.<br \/>\nComme \u00e0 notre habitude nous am\u00e8nerons tout en douceur le public \u00e0 se poser des questio<span class=\"text_exposed_show\">ns sur l\u2019utilit\u00e9 de se v\u00eatir en 2017 avec de la vraie fourrure.<\/span><\/p>\n<p>Le samedi 21 janvier 2017, venez nous retrouver place Fran\u00e7ois Rude (place du Bareuzai) \u00e0 partir de 13h30.<br \/>\nLa municipalit\u00e9 de Dijon nous mettra \u00e0 disposition du mat\u00e9riel pour que nous soyons dans les meilleures conditions pour r\u00e9aliser notre apr\u00e8s-midi d\u2019information.<\/p>\n<p>Au programme :<br \/>\n* la sayn\u00e8te \u00ab au secours pelisse \u00bb \u00e9crite et mise en sc\u00e8ne par Agn\u00e8s,<br \/>\n*un stand d\u2019alimentation Vegan,<br \/>\n*un point d\u2019information g\u00e9n\u00e9rale sur la fourrure,<br \/>\n*des vid\u00e9os,<br \/>\n*un questionnaire pour connaitre l\u2019avis de la population sur la fourrure<br \/>\n*ainsi qu\u2019un invit\u00e9 surprise qu\u2019il faudra suivre dans l\u2019apr\u00e8s-midi.<br \/>\nPar la m\u00eame occasion nous relaierons en l\u00e9ger diff\u00e9r\u00e9, la journ\u00e9e internationale avec nos amis de Fourrure Torture.<br \/>\nUne r\u00e9union de mise au point sera organis\u00e9e quelques jours avant le 21 janvier. Pour les personnes sensibilis\u00e9es et int\u00e9ress\u00e9es pour se joindre \u00e0 nous, veuillez nous contacter directement par mail contact@combactive.fr<\/p>\n<p>Pour information :<br \/>\nAnnulation des autorisations de l\u2019\u00e9levage d\u2019Emagny : <span style=\"text-decoration: underline; color: #99cc00;\"><a style=\"color: #99cc00; text-decoration: underline;\" href=\"http:\/\/www.dailymotion.com\/video\/x2i12pv_combactive-gagne-au-tribunal-contre-la-prefecture-du-doubs_animals\" target=\"_blank\" rel=\"nofollow noopener\">http:\/www.dailymotion.com\/video\/<wbr \/>x2i12pv_combactive-gagne-au<wbr \/>-tribunal-contre-la-prefec<wbr \/>ture-du-doubs_animals<\/a><\/span><br \/>\nExemple d\u2019une r\u00e9alisation\u00a0pass\u00e9e (d\u00e9sol\u00e9 pour la qualit\u00e9 des images, nous ne sommes pas sp\u00e9cialistes de l\u2019audiovisuel, MAIS nous recherchons des personnes qui auraient cette comp\u00e9tence pour filmer ce bel apr\u00e8s-midi de janvier \u00e0 Dijon, merci d\u2019avance)<br \/>\n<span style=\"text-decoration: underline;\"><span style=\"color: #99cc00;\"><a style=\"color: #99cc00; text-decoration: underline;\" href=\"http:\/\/www.dailymotion.com\/video\/x478oq4\" target=\"_blank\" rel=\"nofollow noopener\">http:\/\/<wbr \/>www.dailymotion.com\/video\/<wbr \/>x478oq4<\/a><\/span><\/span><\/p>\n<p>&nbsp;<\/p>\n<p><a href=\"http:\/\/combactive.fr\/wp-content\/uploads\/2017\/04\/fb-flye.jpg\"><img loading=\"lazy\" decoding=\"async\" class=\"alignleft wp-image-3530\" src=\"http:\/\/combactive.fr\/wp-content\/uploads\/2017\/04\/fb-flye.jpg\" alt=\"fb flye\" width=\"320\" height=\"415\" \/><\/a><\/p>\n<p>&nbsp;<\/p>\n<p>&nbsp;<\/p>\n<p>&nbsp;<\/p>\n<p>&nbsp;<\/p>\n<p>&nbsp;<\/p>\n<p>&nbsp;<\/p>\n<p>&nbsp;<\/p>\n<p>&nbsp;<\/p>\n<p>&nbsp;<\/p>\n<p>&nbsp;<\/p>\n<p>&nbsp;<\/p>\n<p><span style=\"text-decoration: underline;\"><span style=\"color: #99cc00; text-decoration: underline;\"><a style=\"color: #99cc00; text-decoration: underline;\" href=\"http:\/\/k6fm.com\/informations-bourgogne\/actualites\/item\/4721-dijon-des-manifestations-anti-fourrures-en-centre-ville#.WODUvfmLQdV\" target=\"_blank\" rel=\"noopener\">Article de presse\u00a0<\/a>K6 FM<\/span><\/span><\/p>\n<p><span style=\"text-decoration: underline;\"><span style=\"color: #99cc00; text-decoration: underline;\"><a style=\"color: #99cc00; text-decoration: underline;\" href=\"http:\/\/www.bienpublic.com\/edition-dijon-ville\/2017\/01\/21\/dijon-un-rassemblement-pour-expliquer-les-dessous-de-la-fourrure\" target=\"_blank\" rel=\"noopener\">Articles Bien public<\/a><\/span><span style=\"color: #99cc00; text-decoration: underline;\">\u00a0<\/span><span style=\"color: #99cc00; text-decoration: underline;\">\/<\/span><\/span><span style=\"color: #99cc00;\"><span style=\"color: #ff00ff;\"> <a style=\"color: #ff00ff; text-decoration: underline;\" href=\"http:\/\/www.bienpublic.com\/edition-dijon-ville\/2017\/01\/21\/dijon-ils-sensibilisent-contre-le-port-de-la-fourrure\" target=\"_blank\" rel=\"noopener\">Bien Public<\/a><\/span><\/span><\/p>\n<p><iframe loading=\"lazy\" title=\"Combactive Fourrure Dijon 21-01-17\" frameborder=\"0\" width=\"500\" height=\"281\" src=\"https:\/\/geo.dailymotion.com\/player.html?video=x5b0b8b&#038;\" allowfullscreen allow=\"autoplay; fullscreen; picture-in-picture; web-share\"><\/iframe><\/p>\n<p><iframe loading=\"lazy\" title=\"L&#039;association Combactive ridiculise les porteurs de fourrure\" frameborder=\"0\" width=\"500\" height=\"281\" src=\"https:\/\/geo.dailymotion.com\/player.html?video=x5b22h2&#038;\" allowfullscreen allow=\"autoplay; fullscreen; picture-in-picture; web-share\"><\/iframe><\/p>\n","protected":false},"excerpt":{"rendered":"<p>Le\u00a021 janvier 2017, nous avons montr\u00e9 tout en douceur l\u2019horrible cruaut\u00e9 que repr\u00e9sente la fourrure. Cette ann\u00e9e encore nous avons organis\u00e9 un rassemblement pour mettre en avant et expliquer les dessous de la fourrure. Qu&rsquo;elle soit int\u00e9grale sous forme de manteaux confectionn\u00e9s par de pseudo grands couturiers ou en ornement sur des capuches, manches ou<a class=\"wp-block-latest-posts__read-more\" href=\"https:\/\/combactive.fr\/?p=3525\"> Voir plus +<\/a><\/p>\n","protected":false},"author":1,"featured_media":24801,"comment_status":"closed","ping_status":"closed","sticky":false,"template":"","format":"standard","meta":{"_acf_changed":false,"footnotes":""},"categories":[7],"tags":[],"class_list":["post-3525","post","type-post","status-publish","format-standard","has-post-thumbnail","hentry","category-fourrure"],"acf":[],"_links":{"self":[{"href":"https:\/\/combactive.fr\/index.php?rest_route=\/wp\/v2\/posts\/3525","targetHints":{"allow":["GET"]}}],"collection":[{"href":"https:\/\/combactive.fr\/index.php?rest_route=\/wp\/v2\/posts"}],"about":[{"href":"https:\/\/combactive.fr\/index.php?rest_route=\/wp\/v2\/types\/post"}],"author":[{"embeddable":true,"href":"https:\/\/combactive.fr\/index.php?rest_route=\/wp\/v2\/users\/1"}],"replies":[{"embeddable":true,"href":"https:\/\/combactive.fr\/index.php?rest_route=%2Fwp%2Fv2%2Fcomments&post=3525"}],"version-history":[{"count":0,"href":"https:\/\/combactive.fr\/index.php?rest_route=\/wp\/v2\/posts\/3525\/revisions"}],"wp:featuredmedia":[{"embeddable":true,"href":"https:\/\/combactive.fr\/index.php?rest_route=\/wp\/v2\/media\/24801"}],"wp:attachment":[{"href":"https:\/\/combactive.fr\/index.php?rest_route=%2Fwp%2Fv2%2Fmedia&parent=3525"}],"wp:term":[{"taxonomy":"category","embeddable":true,"href":"https:\/\/combactive.fr\/index.php?rest_route=%2Fwp%2Fv2%2Fcategories&post=3525"},{"taxonomy":"post_tag","embeddable":true,"href":"https:\/\/combactive.fr\/index.php?rest_route=%2Fwp%2Fv2%2Ftags&post=3525"}],"curies":[{"name":"wp","href":"https:\/\/api.w.org\/{rel}","templated":true}]}}