{"id":3557,"date":"2017-05-02T13:22:59","date_gmt":"2017-05-02T11:22:59","guid":{"rendered":"http:\/\/www.combactive.fr\/?p=3557"},"modified":"2017-05-02T13:22:59","modified_gmt":"2017-05-02T11:22:59","slug":"panier-vegan","status":"publish","type":"post","link":"https:\/\/combactive.fr\/?p=3557","title":{"rendered":"PANIER VEGAN"},"content":{"rendered":"<h1 style=\"text-align: center;\"><a href=\"http:\/\/combactive.fr\/wp-content\/uploads\/2017\/04\/16195591_10202757852544917_3711035614586642595_n.jpg\"><img loading=\"lazy\" decoding=\"async\" class=\"alignleft wp-image-3558\" src=\"http:\/\/combactive.fr\/wp-content\/uploads\/2017\/04\/16195591_10202757852544917_3711035614586642595_n.jpg\" alt=\"16195591_10202757852544917_3711035614586642595_n\" width=\"271\" height=\"196\" \/><\/a><a href=\"http:\/\/combactive.fr\/wp-content\/uploads\/2017\/05\/Affiche-A3-Panier-VeganV2.jpg\"><img loading=\"lazy\" decoding=\"async\" class=\" wp-image-4172 alignright\" src=\"http:\/\/combactive.fr\/wp-content\/uploads\/2017\/05\/Affiche-A3-Panier-VeganV2-700x990.jpg\" alt=\"\" width=\"187\" height=\"265\" \/><\/a>Combactive lance un panier\u00a0vegan pour promouvoir une alimentation saine, \u00e9thique bio et local<\/h1>\n<h1 style=\"text-align: center;\">Achat group\u00e9<\/h1>\n<p style=\"text-align: center;\">pour 6 membres<\/p>\n<p>&nbsp;<\/p>\n<p>&nbsp;<\/p>\n<p>&nbsp;<\/p>\n<p>Un panier livr\u00e9 \u00e0 la Maison des Associations \u00e0 Dijon, les 1er et 3\u00e8me vendredi de chaque mois. Un panier de l\u00e9gumes de saison Bio de Dijon (certains fruits selon la saison), des produits vegan (simili-carn\u00e9s, basiques,&#8230;), des l\u00e9gumineuses, c\u00e9r\u00e9ales, champignons,&#8230;de la r\u00e9gion.<\/p>\n<p>&nbsp;<\/p>\n<h2>Pour s&rsquo;inscrire<\/h2>\n<p>&nbsp;<\/p>\n<p>&nbsp;<\/p>\n<p><span style=\"text-decoration: underline;\">Remplir et renvoyer le document ci-dessous<\/span><\/p>\n<p><a href=\"http:\/\/combactive.fr\/wp-content\/uploads\/2017\/05\/Contrat-Panier-Vegan-DijonnaisV2.pdf\">Contrat Panier Vegan DijonnaisV2<\/a><\/p>\n<p><a href=\"http:\/\/combactive.fr\/wp-content\/uploads\/2017\/05\/Contrat-Panier-Vegan-DijonnaisV2-1.jpg\"><img loading=\"lazy\" decoding=\"async\" class=\"alignleft wp-image-4169\" src=\"http:\/\/combactive.fr\/wp-content\/uploads\/2017\/05\/Contrat-Panier-Vegan-DijonnaisV2-1-700x855.jpg\" alt=\"\" width=\"204\" height=\"249\" \/><\/a> <a href=\"http:\/\/combactive.fr\/wp-content\/uploads\/2017\/05\/Contrat-Panier-Vegan-DijonnaisV2-2.jpg\"><img loading=\"lazy\" decoding=\"async\" class=\"wp-image-4170 alignleft\" src=\"http:\/\/combactive.fr\/wp-content\/uploads\/2017\/05\/Contrat-Panier-Vegan-DijonnaisV2-2-700x871.jpg\" alt=\"\" width=\"199\" height=\"248\" \/><\/a><\/p>\n<p>&nbsp;<\/p>\n<p>&nbsp;<\/p>\n<p>&nbsp;<\/p>\n<p>&nbsp;<\/p>\n<p>&nbsp;<\/p>\n<p>&nbsp;<\/p>\n<p>&nbsp;<\/p>\n<p>&nbsp;<\/p>\n<p>&nbsp;<\/p>\n<p>&nbsp;<\/p>\n<p>&nbsp;<\/p>\n<p>Voici quelques exemples des\u00a0<span style=\"line-height: 1.5;\">fiches de recettes que vous recevez avec votre panier vegan :<\/span><\/p>\n<p><a href=\"http:\/\/combactive.fr\/wp-content\/uploads\/2017\/05\/recettes-2.jpg\"><img loading=\"lazy\" decoding=\"async\" class=\"alignleft  wp-image-4166\" src=\"http:\/\/combactive.fr\/wp-content\/uploads\/2017\/05\/recettes-2-700x990.jpg\" alt=\"\" width=\"292\" height=\"413\" \/><\/a> <a href=\"http:\/\/combactive.fr\/wp-content\/uploads\/2017\/05\/recettes-3.jpg\"><img loading=\"lazy\" decoding=\"async\" class=\"alignleft  wp-image-4167\" src=\"http:\/\/combactive.fr\/wp-content\/uploads\/2017\/05\/recettes-3-700x990.jpg\" alt=\"\" width=\"296\" height=\"419\" \/><\/a><\/p>\n<p>&nbsp;<\/p>\n<p>&nbsp;<\/p>\n<p>&nbsp;<\/p>\n","protected":false},"excerpt":{"rendered":"<p>Combactive lance un panier\u00a0vegan pour promouvoir une alimentation saine, \u00e9thique bio et local Achat group\u00e9 pour 6 membres &nbsp; &nbsp; &nbsp; Un panier livr\u00e9 \u00e0 la Maison des Associations \u00e0 Dijon, les 1er et 3\u00e8me vendredi de chaque mois. Un panier de l\u00e9gumes de saison Bio de Dijon (certains fruits selon la saison), des produits<a class=\"wp-block-latest-posts__read-more\" href=\"https:\/\/combactive.fr\/?p=3557\"> Voir plus +<\/a><\/p>\n","protected":false},"author":1,"featured_media":24657,"comment_status":"closed","ping_status":"closed","sticky":false,"template":"","format":"standard","meta":{"_acf_changed":false,"footnotes":""},"categories":[26],"tags":[],"class_list":["post-3557","post","type-post","status-publish","format-standard","has-post-thumbnail","hentry","category-panier-vegan"],"acf":[],"_links":{"self":[{"href":"https:\/\/combactive.fr\/index.php?rest_route=\/wp\/v2\/posts\/3557","targetHints":{"allow":["GET"]}}],"collection":[{"href":"https:\/\/combactive.fr\/index.php?rest_route=\/wp\/v2\/posts"}],"about":[{"href":"https:\/\/combactive.fr\/index.php?rest_route=\/wp\/v2\/types\/post"}],"author":[{"embeddable":true,"href":"https:\/\/combactive.fr\/index.php?rest_route=\/wp\/v2\/users\/1"}],"replies":[{"embeddable":true,"href":"https:\/\/combactive.fr\/index.php?rest_route=%2Fwp%2Fv2%2Fcomments&post=3557"}],"version-history":[{"count":0,"href":"https:\/\/combactive.fr\/index.php?rest_route=\/wp\/v2\/posts\/3557\/revisions"}],"wp:featuredmedia":[{"embeddable":true,"href":"https:\/\/combactive.fr\/index.php?rest_route=\/wp\/v2\/media\/24657"}],"wp:attachment":[{"href":"https:\/\/combactive.fr\/index.php?rest_route=%2Fwp%2Fv2%2Fmedia&parent=3557"}],"wp:term":[{"taxonomy":"category","embeddable":true,"href":"https:\/\/combactive.fr\/index.php?rest_route=%2Fwp%2Fv2%2Fcategories&post=3557"},{"taxonomy":"post_tag","embeddable":true,"href":"https:\/\/combactive.fr\/index.php?rest_route=%2Fwp%2Fv2%2Ftags&post=3557"}],"curies":[{"name":"wp","href":"https:\/\/api.w.org\/{rel}","templated":true}]}}