{"id":3616,"date":"2016-06-13T08:33:36","date_gmt":"2016-06-13T06:33:36","guid":{"rendered":"http:\/\/www.combactive.fr\/?p=3616"},"modified":"2016-06-13T08:33:36","modified_gmt":"2016-06-13T06:33:36","slug":"cinema-la-gueule-du-loup-12-et-13-juin","status":"publish","type":"post","link":"https:\/\/combactive.fr\/?p=3616","title":{"rendered":"Cin\u00e9ma \u00ab\u00a0la gueule du loup\u00a0\u00bb 12 et 13 Juin"},"content":{"rendered":"<p><a href=\"http:\/\/combactive.fr\/wp-content\/uploads\/2017\/04\/flyers-Besan\u00e7on-A5imp.jpg\"><img decoding=\"async\" class=\"aligncenter size-full wp-image-3618\" src=\"http:\/\/combactive.fr\/wp-content\/uploads\/2017\/04\/flyers-Besan\u00e7on-A5imp.jpg\" alt=\"flyers Besan\u00e7on A5imp\" \/><\/a> <a href=\"http:\/\/combactive.fr\/wp-content\/uploads\/2017\/04\/flyers-Dijon-A5imp.jpg\"><img decoding=\"async\" class=\"aligncenter size-full wp-image-3619\" src=\"http:\/\/combactive.fr\/wp-content\/uploads\/2017\/04\/flyers-Dijon-A5imp.jpg\" alt=\"flyers Dijon A5imp\" \/><\/a> <a href=\"http:\/\/combactive.fr\/wp-content\/uploads\/2017\/04\/gueule2.jpg\"><img decoding=\"async\" class=\"aligncenter size-full wp-image-3620\" src=\"http:\/\/combactive.fr\/wp-content\/uploads\/2017\/04\/gueule2.jpg\" alt=\"gueule2\" \/><\/a> <a href=\"http:\/\/combactive.fr\/wp-content\/uploads\/2017\/04\/gueule3.jpg\"><img decoding=\"async\" class=\"aligncenter size-full wp-image-3621\" src=\"http:\/\/combactive.fr\/wp-content\/uploads\/2017\/04\/gueule3.jpg\" alt=\"gueule3\" \/><\/a> <a href=\"http:\/\/combactive.fr\/wp-content\/uploads\/2017\/04\/gueule4.jpg\"><img decoding=\"async\" class=\"aligncenter size-full wp-image-3622\" src=\"http:\/\/combactive.fr\/wp-content\/uploads\/2017\/04\/gueule4.jpg\" alt=\"gueule4\" \/><\/a>Combactive met en salle \u00a0le 12 Juin au cin\u00e9ma Desvoge \u00e0 Dijon et le 13 Juin au cin\u00e9ma M\u00e9garama \u00e0 Besan\u00e7on\u00a0le film \u00ab\u00a0la gueule du loup.<\/p>\n<p>Une conf\u00e9rence avec le r\u00e9alisateur J\u00e8r\u00f4me S\u00e9gur et le sp\u00e9cialiste du Loup Manoel Atman<\/p>\n<p>Un Ap\u00e9ro d\u00eenatoire\u00a0\u00e9tait propos\u00e9 avant la diffusion du film<\/p>\n","protected":false},"excerpt":{"rendered":"<p>Combactive met en salle \u00a0le 12 Juin au cin\u00e9ma Desvoge \u00e0 Dijon et le 13 Juin au cin\u00e9ma M\u00e9garama \u00e0 Besan\u00e7on\u00a0le film \u00ab\u00a0la gueule du loup. Une conf\u00e9rence avec le r\u00e9alisateur J\u00e8r\u00f4me S\u00e9gur et le sp\u00e9cialiste du Loup Manoel Atman Un Ap\u00e9ro d\u00eenatoire\u00a0\u00e9tait propos\u00e9 avant la diffusion du film<\/p>\n","protected":false},"author":1,"featured_media":24167,"comment_status":"closed","ping_status":"closed","sticky":false,"template":"","format":"standard","meta":{"_acf_changed":false,"footnotes":""},"categories":[29],"tags":[],"class_list":["post-3616","post","type-post","status-publish","format-standard","has-post-thumbnail","hentry","category-cinema"],"acf":[],"_links":{"self":[{"href":"https:\/\/combactive.fr\/index.php?rest_route=\/wp\/v2\/posts\/3616","targetHints":{"allow":["GET"]}}],"collection":[{"href":"https:\/\/combactive.fr\/index.php?rest_route=\/wp\/v2\/posts"}],"about":[{"href":"https:\/\/combactive.fr\/index.php?rest_route=\/wp\/v2\/types\/post"}],"author":[{"embeddable":true,"href":"https:\/\/combactive.fr\/index.php?rest_route=\/wp\/v2\/users\/1"}],"replies":[{"embeddable":true,"href":"https:\/\/combactive.fr\/index.php?rest_route=%2Fwp%2Fv2%2Fcomments&post=3616"}],"version-history":[{"count":0,"href":"https:\/\/combactive.fr\/index.php?rest_route=\/wp\/v2\/posts\/3616\/revisions"}],"wp:featuredmedia":[{"embeddable":true,"href":"https:\/\/combactive.fr\/index.php?rest_route=\/wp\/v2\/media\/24167"}],"wp:attachment":[{"href":"https:\/\/combactive.fr\/index.php?rest_route=%2Fwp%2Fv2%2Fmedia&parent=3616"}],"wp:term":[{"taxonomy":"category","embeddable":true,"href":"https:\/\/combactive.fr\/index.php?rest_route=%2Fwp%2Fv2%2Fcategories&post=3616"},{"taxonomy":"post_tag","embeddable":true,"href":"https:\/\/combactive.fr\/index.php?rest_route=%2Fwp%2Fv2%2Ftags&post=3616"}],"curies":[{"name":"wp","href":"https:\/\/api.w.org\/{rel}","templated":true}]}}