{"id":3749,"date":"2017-04-10T12:19:06","date_gmt":"2017-04-10T10:19:06","guid":{"rendered":"http:\/\/www.combactive.fr\/?p=3749"},"modified":"2017-04-10T12:19:06","modified_gmt":"2017-04-10T10:19:06","slug":"manifestation-gueret","status":"publish","type":"post","link":"https:\/\/combactive.fr\/?p=3749","title":{"rendered":"Manifestation Fermeture des Abattoirs Paris 10 Juin"},"content":{"rendered":"<h3><span style=\"color: #008000;\">Vous voulez vous rendre \u00e0 Paris le 10 juin pour participer la marche pour la fermeture des abattoirs ?<\/span><\/h3>\n<p>&nbsp;<\/p>\n<h2 style=\"padding-left: 210px; text-align: center;\"><span style=\"color: #800000;\"><strong>Combactive organise un transport en bus !<\/strong><\/span><\/h2>\n<p>&nbsp;<\/p>\n<h3><\/h3>\n<p>&nbsp;<\/p>\n<h3><span style=\"text-decoration: underline;\"><span style=\"color: #008000; text-decoration: underline;\"><span class=\"_4n-j _3cht fsl\" data-testid=\"event-permalink-details\"><a href=\"http:\/\/combactive.fr\/wp-content\/uploads\/2017\/04\/marche-1.jpg\"><img loading=\"lazy\" decoding=\"async\" class=\"wp-image-3785 aligncenter\" src=\"http:\/\/combactive.fr\/wp-content\/uploads\/2017\/04\/marche-1-250x122.jpg\" alt=\"marche\" width=\"418\" height=\"204\" \/><\/a><br \/>\n<\/span><\/span><\/span> <span style=\"text-decoration: underline; color: #008000;\"><span class=\"_4n-j _3cht fsl\" data-testid=\"event-permalink-details\"> Po<\/span><span class=\"_4n-j _3cht fsl\" data-testid=\"event-permalink-details\">ur<\/span><span class=\"_4n-j _3cht fsl\" data-testid=\"event-permalink-details\"> s&rsquo;<\/span><span class=\"_4n-j _3cht fsl\" data-testid=\"event-permalink-details\">inscrire<\/span><\/span><span style=\"color: #008000;\"><span class=\"_4n-j _3cht fsl\" data-testid=\"event-permalink-details\"><br \/>\n<\/span><\/span><\/h3>\n<p><span class=\"_4n-j _3cht fsl\" data-testid=\"event-permalink-details\"> il suffit d&rsquo;envoyer par ch\u00e8que le paiement \u00e0 l&rsquo;adresse de l&rsquo;association:<br \/>\nCombactive, maison des associations, boite L4, 2 rue des Corroyeurs, 21000 Dijon<br \/>\nVirement possible (RIB donn\u00e9 par mail).<br \/>\n<\/span><\/p>\n<h4><span class=\"_4n-j _3cht fsl\" data-testid=\"event-permalink-details\"><br \/>\n<span style=\"text-decoration: underline;\"><span style=\"color: #008000; text-decoration: underline;\">Tarif :<br \/>\n<\/span><\/span><\/span><\/h4>\n<p><span class=\"_4n-j _3cht fsl\" data-testid=\"event-permalink-details\"> 34 \u20ac A\/R<\/span><\/p>\n<p>&nbsp;<\/p>\n<h4><span class=\"_4n-j _3cht fsl\" data-testid=\"event-permalink-details\"><span style=\"text-decoration: underline;\"><span style=\"color: #008000; text-decoration: underline;\"> Horaire : <\/span><\/span><\/span><\/h4>\n<p><span class=\"_4n-j _3cht fsl\" data-testid=\"event-permalink-details\">D\u00e9part de Dijon \u00e0 6h10 Parc de la Colombi\u00e8re<br \/>\n(au bout des all\u00e9es du Parc)<\/span><\/p>\n<h3><\/h3>\n<p><span class=\"_4n-j _3cht fsl\" data-testid=\"event-permalink-details\"> <span class=\"text_exposed_show\"><br \/>\n<strong><span style=\"color: #000000;\"> Les r\u00e9servations se feront par ordre d&rsquo;arriv\u00e9e des paiements.<\/span><\/strong><br \/>\nVeuillez \u00e9galement pr\u00e9ciser avec votre ch\u00e8que,<span style=\"text-decoration: underline;\"> vos coordonn\u00e9es compl\u00e8tes <\/span>: nom pr\u00e9nom, t\u00e9l\u00e9phone, pseudo facebook, mail&#8230;<\/span><\/span><\/p>\n<p>Retour: Sans doute tard dans la soir\u00e9e&#8230;<\/p>\n<p>&nbsp;<\/p>\n<p>Aucun remboursement pour quelque motif que ce soit, sauf si le voyage est annul\u00e9 par les organisateurs.<\/p>\n<p>Les ch\u00e8ques ne seront encaiss\u00e9s qu&rsquo;une fois le voyage effectu\u00e9.<\/p>\n<h1><\/h1>\n<h3><\/h3>\n<h3><span style=\"text-decoration: underline;\"><span style=\"color: #008000; text-decoration: underline;\"><span class=\"_4n-j _3cht fsl\" data-testid=\"event-permalink-details\"><img loading=\"lazy\" decoding=\"async\" class=\"alignnone wp-image-3768 \" src=\"http:\/\/combactive.fr\/wp-content\/uploads\/2017\/04\/fb-1-250x250.jpg\" alt=\"fb\" width=\"39\" height=\"39\" \/><\/span><\/span><\/span><\/h3>\n<h1><a href=\"http:\/\/www.facebook.com\/groups\/combactive\/?fref=ts\" target=\"_blank\" rel=\"noopener\"><span style=\"text-decoration: underline;\"><span style=\"color: #99cc00; text-decoration: underline;\">Lien Facebook<\/span><\/span><\/a><\/h1>\n<h3><\/h3>\n","protected":false},"excerpt":{"rendered":"<p>Vous voulez vous rendre \u00e0 Paris le 10 juin pour participer la marche pour la fermeture des abattoirs ? &nbsp; Combactive organise un transport en bus ! &nbsp; &nbsp; Pour s&rsquo;inscrire il suffit d&rsquo;envoyer par ch\u00e8que le paiement \u00e0 l&rsquo;adresse de l&rsquo;association: Combactive, maison des associations, boite L4, 2 rue des Corroyeurs, 21000 Dijon Virement<a class=\"wp-block-latest-posts__read-more\" href=\"https:\/\/combactive.fr\/?p=3749\"> Voir plus +<\/a><\/p>\n","protected":false},"author":1,"featured_media":24781,"comment_status":"closed","ping_status":"closed","sticky":false,"template":"","format":"standard","meta":{"_acf_changed":false,"footnotes":""},"categories":[16],"tags":[],"class_list":["post-3749","post","type-post","status-publish","format-standard","has-post-thumbnail","hentry","category-abattoir"],"acf":[],"_links":{"self":[{"href":"https:\/\/combactive.fr\/index.php?rest_route=\/wp\/v2\/posts\/3749","targetHints":{"allow":["GET"]}}],"collection":[{"href":"https:\/\/combactive.fr\/index.php?rest_route=\/wp\/v2\/posts"}],"about":[{"href":"https:\/\/combactive.fr\/index.php?rest_route=\/wp\/v2\/types\/post"}],"author":[{"embeddable":true,"href":"https:\/\/combactive.fr\/index.php?rest_route=\/wp\/v2\/users\/1"}],"replies":[{"embeddable":true,"href":"https:\/\/combactive.fr\/index.php?rest_route=%2Fwp%2Fv2%2Fcomments&post=3749"}],"version-history":[{"count":0,"href":"https:\/\/combactive.fr\/index.php?rest_route=\/wp\/v2\/posts\/3749\/revisions"}],"wp:featuredmedia":[{"embeddable":true,"href":"https:\/\/combactive.fr\/index.php?rest_route=\/wp\/v2\/media\/24781"}],"wp:attachment":[{"href":"https:\/\/combactive.fr\/index.php?rest_route=%2Fwp%2Fv2%2Fmedia&parent=3749"}],"wp:term":[{"taxonomy":"category","embeddable":true,"href":"https:\/\/combactive.fr\/index.php?rest_route=%2Fwp%2Fv2%2Fcategories&post=3749"},{"taxonomy":"post_tag","embeddable":true,"href":"https:\/\/combactive.fr\/index.php?rest_route=%2Fwp%2Fv2%2Ftags&post=3749"}],"curies":[{"name":"wp","href":"https:\/\/api.w.org\/{rel}","templated":true}]}}