{"id":3988,"date":"2017-09-20T11:58:23","date_gmt":"2017-09-20T09:58:23","guid":{"rendered":"https:\/\/old.combactive.fr\/?p=3988"},"modified":"2017-09-20T11:58:23","modified_gmt":"2017-09-20T09:58:23","slug":"grand-marche-bio-de-quetigny","status":"publish","type":"post","link":"https:\/\/combactive.fr\/?p=3988","title":{"rendered":"GRAND march\u00e9 BIO de Qu\u00e9tigny"},"content":{"rendered":"<p style=\"padding-left: 30px;\"><strong><a href=\"http:\/\/combactive.fr\/wp-content\/uploads\/2017\/09\/dijon-metropole-le-grand-marche-bio-de-quetigny-c-est-samedi-459735.jpg\"><img loading=\"lazy\" decoding=\"async\" class=\"alignleft wp-image-3991 size-medium\" src=\"http:\/\/combactive.fr\/wp-content\/uploads\/2017\/09\/dijon-metropole-le-grand-marche-bio-de-quetigny-c-est-samedi-459735-250x353.jpg\" alt=\"\" width=\"212\" height=\"300\" \/><\/a>Le <em>grand march\u00e9 bio<\/em>\u00a0prendra ses quartiers, samedi, de 8 h 30 \u00e0 17 heures, place Centrale \u00e0 <em>Quetigny<\/em>. Pour sa deuxi\u00e8me \u00e9dition, Combactive sera au rendez vous parmi les 60 stands et une trentaine de producteurs principalement locaux.<\/strong><\/p>\n<p style=\"padding-left: 30px;\"><strong>C&rsquo;est l&rsquo;occasion pour nous,\u00a0d&rsquo;associer notre engagement dans le d\u00e9veloppement durable, par la vente de nos produits et de promouvoir de cette fa\u00e7on \u00e0 l&rsquo;alimentation bio et vegan ! Nos b\u00e9n\u00e9fices profiteront comme \u00ab\u00a0de bien entendu\u00a0\u00bb aux animaux, et seulement aux animaux !<\/strong><\/p>\n<h3 style=\"text-align: center;\"><span style=\"color: #99cc00;\">Nous tiendrons un stand, o\u00f9 nous proposerons des CR\u00caPES VEGAN et de la bi\u00e8re artisanal bio et VEGAN, ainsi que d&rsquo;autres produits. Rendez vous donc ce samedi \u00e0 Qu\u00e9tigny , Venez nombreux nous rencontrer, vous divertir et vous initier \u00e0 la culture BIO VEGAN.<\/span><\/h3>\n<p style=\"padding-left: 30px;\"><strong>Cette manifestation sera ponctu\u00e9e d&rsquo;animations festives (spectacles de rues, grands jeux, &#8230;) et de th\u00e9matiques bio comme le Woofing et la permaculture, etc. <\/strong><br \/>\n<strong>Entr\u00e9e libre&#8230; <\/strong><\/p>\n","protected":false},"excerpt":{"rendered":"<p>Le grand march\u00e9 bio\u00a0prendra ses quartiers, samedi, de 8 h 30 \u00e0 17 heures, place Centrale \u00e0 Quetigny. Pour sa deuxi\u00e8me \u00e9dition, Combactive sera au rendez vous parmi les 60 stands et une trentaine de producteurs principalement locaux. C&rsquo;est l&rsquo;occasion pour nous,\u00a0d&rsquo;associer notre engagement dans le d\u00e9veloppement durable, par la vente de nos produits et<a class=\"wp-block-latest-posts__read-more\" href=\"https:\/\/combactive.fr\/?p=3988\"> Voir plus +<\/a><\/p>\n","protected":false},"author":1,"featured_media":24942,"comment_status":"closed","ping_status":"closed","sticky":false,"template":"","format":"standard","meta":{"_acf_changed":false,"footnotes":""},"categories":[9,19],"tags":[],"class_list":["post-3988","post","type-post","status-publish","format-standard","has-post-thumbnail","hentry","category-non-classe","category-salon-bio"],"acf":[],"_links":{"self":[{"href":"https:\/\/combactive.fr\/index.php?rest_route=\/wp\/v2\/posts\/3988","targetHints":{"allow":["GET"]}}],"collection":[{"href":"https:\/\/combactive.fr\/index.php?rest_route=\/wp\/v2\/posts"}],"about":[{"href":"https:\/\/combactive.fr\/index.php?rest_route=\/wp\/v2\/types\/post"}],"author":[{"embeddable":true,"href":"https:\/\/combactive.fr\/index.php?rest_route=\/wp\/v2\/users\/1"}],"replies":[{"embeddable":true,"href":"https:\/\/combactive.fr\/index.php?rest_route=%2Fwp%2Fv2%2Fcomments&post=3988"}],"version-history":[{"count":0,"href":"https:\/\/combactive.fr\/index.php?rest_route=\/wp\/v2\/posts\/3988\/revisions"}],"wp:featuredmedia":[{"embeddable":true,"href":"https:\/\/combactive.fr\/index.php?rest_route=\/wp\/v2\/media\/24942"}],"wp:attachment":[{"href":"https:\/\/combactive.fr\/index.php?rest_route=%2Fwp%2Fv2%2Fmedia&parent=3988"}],"wp:term":[{"taxonomy":"category","embeddable":true,"href":"https:\/\/combactive.fr\/index.php?rest_route=%2Fwp%2Fv2%2Fcategories&post=3988"},{"taxonomy":"post_tag","embeddable":true,"href":"https:\/\/combactive.fr\/index.php?rest_route=%2Fwp%2Fv2%2Ftags&post=3988"}],"curies":[{"name":"wp","href":"https:\/\/api.w.org\/{rel}","templated":true}]}}