{"id":4217,"date":"2017-12-18T10:31:42","date_gmt":"2017-12-18T08:31:42","guid":{"rendered":"https:\/\/old.combactive.fr\/?p=4217"},"modified":"2017-12-18T10:31:42","modified_gmt":"2017-12-18T08:31:42","slug":"dijon-ville-de-cirque","status":"publish","type":"post","link":"https:\/\/combactive.fr\/?p=4217","title":{"rendered":"Dijon ville de cirque !"},"content":{"rendered":"<p><a href=\"http:\/\/combactive.fr\/wp-content\/uploads\/2017\/12\/1.jpg\"><img loading=\"lazy\" decoding=\"async\" class=\"wp-image-4228 alignleft\" src=\"http:\/\/combactive.fr\/wp-content\/uploads\/2017\/12\/1-700x462.jpg\" alt=\"\" width=\"238\" height=\"157\" \/><\/a>Alors que Paris s&rsquo;engage \u00e0 devenir une ville sans animaux sauvages dans les cirques, apr\u00e8s un d\u00e9bat sur le <strong>Cirque<\/strong>\u00a0( =\u00a0<strong>animaux sauvages et maltraitance animale<\/strong>!\u00a0<em>l&rsquo;un n&rsquo;allant pas sans l&rsquo;autre),<\/em>\u00a0ils sont arriv\u00e9s \u00e0 la conclusion que les animaux sauvages dans les cirques ne sont pas bien trait\u00e9s, exploit\u00e9s \u00e0 des fins d&rsquo;amusement et cela heurte le public&#8230;..il \u00e9tait temps que cette info arrive jusqu&rsquo;\u00e0 la Capitale ! Ce n&rsquo;est pas sans mort, car c&rsquo;est bien Mevy (tigre qui s&rsquo;est \u00e9chapp\u00e9 d&rsquo;un cirque \u00e0 Paris, abattu par son propri\u00e9taire le 24 Novembre) qui a donn\u00e9 sa vie pour relancer le d\u00e9bat sur la question ! \u00ab\u00a0On ne peut pas parler \u00e0 tout va de biodiversit\u00e9 dans toutes nos d\u00e9lib\u00e9rations et trouver normal que des esp\u00e8ces hautement menac\u00e9es d&rsquo;extinction soient dress\u00e9es \u00e0 faire les clowns et enferm\u00e9es dans des cages exigu\u00ebs le reste du temps\u00a0\u00bb, a lanc\u00e9 Yann Wehrling, porte-parole et secr\u00e9taire g\u00e9n\u00e9ral du MoDem.<\/p>\n<p>Cette information Capitale va t&rsquo;elle pouvoir parvenir \u00e0 Dijon, pour que la ville arr\u00eate de faire son cirque, au faudra t&rsquo;il attendre que les lions soient l\u00e2ch\u00e9s au centre ville, pour prendre conscience\u00a0qu&rsquo;il est grand temps de lutter contre ces gens qui bafouent les lois et traitent de fa\u00e7on indigne les animaux en leur possession. Notre derni\u00e8re manifestation devant le cirque Bouglione qui a f\u00eat\u00e9 ses 170 ans de cirque \u00e0 Dijon, n&rsquo;a pas inform\u00e9 le public de cette r\u00e9alit\u00e9 car la brigade police nous attendait pour nous faire taire. A Dijon, la force reste aux circassiens qui continuent \u00e0 maltraiter les animaux sauvages, la force n&rsquo;est pas \u00e0 la loi !<a href=\"http:\/\/combactive.fr\/wp-content\/uploads\/2017\/12\/25289544_10204020607392999_5740109325878548351_n.jpg\"><img decoding=\"async\" class=\"alignleft size-large wp-image-4222\" src=\"http:\/\/combactive.fr\/wp-content\/uploads\/2017\/12\/25289544_10204020607392999_5740109325878548351_n-700x648.jpg\" alt=\"\" \/><\/a><\/p>\n<p>Bien Public 8\/12\/2017<\/p>\n<p class=\"insetTitle\">COMBACTIVE : \u00ab\u00a0LE DOMPTAGE D\u00c9NATURE LES ANIMAUX SAUVAGES\u00a0\u00bb<\/p>\n<p>Dans leur communiqu\u00e9, les membres de Combactive Dijon expliquent les raisons qui les poussent \u00e0 se mobiliser contre la pr\u00e9sence d&rsquo;animaux sauvages dans les cirques.<\/p>\n<p>\u00ab\u00a0Vous n\u2019\u00eates pas sans savoir qu\u2019aujourd\u2019hui les mentalit\u00e9s \u00e9voluent. L\u2019exhibition d\u2019animaux sauvages effectuant des \u00ab tours \u00bb provoque un sentiment de g\u00eane chez la majorit\u00e9 de nos concitoyens.\u00a0Le domptage d\u00e9nature les animaux sauvages et donne \u00e0 voir la soumission d\u2019un animal qui n\u2019a rien \u00e0 faire avec des humains (\u00e0 l\u2019inverse des chats ou des chiens). La nature des animaux sauvages est de parcourir des dizaines de kilom\u00e8tres par jour dans leur environnement, en solitaire (tigre) ou en groupe (\u00e9l\u00e9phants, lions\u2026). Voir ces animaux prendre des postures contre nature (s\u2019assoir sur un tabouret, passer \u00e0 travers un cercle de feu\u2026), des tigres tourner en rond dans des cages-camions ou des \u00e9l\u00e9phants se balancer de mani\u00e8re st\u00e9r\u00e9otyp\u00e9e n\u2019incite ni \u00e0 leur respect, ni \u00e0 leur protection dans leur milieu d\u2019origine\u00a0\u00bb.<\/p>\n\n","protected":false},"excerpt":{"rendered":"<p>Alors que Paris s&rsquo;engage \u00e0 devenir une ville sans animaux sauvages dans les cirques, apr\u00e8s un d\u00e9bat sur le Cirque\u00a0( =\u00a0animaux sauvages et maltraitance animale!\u00a0l&rsquo;un n&rsquo;allant pas sans l&rsquo;autre),\u00a0ils sont arriv\u00e9s \u00e0 la conclusion que les animaux sauvages dans les cirques ne sont pas bien trait\u00e9s, exploit\u00e9s \u00e0 des fins d&rsquo;amusement et cela heurte le<a class=\"wp-block-latest-posts__read-more\" href=\"https:\/\/combactive.fr\/?p=4217\"> Voir plus +<\/a><\/p>\n","protected":false},"author":1,"featured_media":25520,"comment_status":"closed","ping_status":"closed","sticky":false,"template":"","format":"standard","meta":{"_acf_changed":false,"footnotes":""},"categories":[25],"tags":[],"class_list":["post-4217","post","type-post","status-publish","format-standard","has-post-thumbnail","hentry","category-cirque-sans-animaux"],"acf":[],"_links":{"self":[{"href":"https:\/\/combactive.fr\/index.php?rest_route=\/wp\/v2\/posts\/4217","targetHints":{"allow":["GET"]}}],"collection":[{"href":"https:\/\/combactive.fr\/index.php?rest_route=\/wp\/v2\/posts"}],"about":[{"href":"https:\/\/combactive.fr\/index.php?rest_route=\/wp\/v2\/types\/post"}],"author":[{"embeddable":true,"href":"https:\/\/combactive.fr\/index.php?rest_route=\/wp\/v2\/users\/1"}],"replies":[{"embeddable":true,"href":"https:\/\/combactive.fr\/index.php?rest_route=%2Fwp%2Fv2%2Fcomments&post=4217"}],"version-history":[{"count":0,"href":"https:\/\/combactive.fr\/index.php?rest_route=\/wp\/v2\/posts\/4217\/revisions"}],"wp:featuredmedia":[{"embeddable":true,"href":"https:\/\/combactive.fr\/index.php?rest_route=\/wp\/v2\/media\/25520"}],"wp:attachment":[{"href":"https:\/\/combactive.fr\/index.php?rest_route=%2Fwp%2Fv2%2Fmedia&parent=4217"}],"wp:term":[{"taxonomy":"category","embeddable":true,"href":"https:\/\/combactive.fr\/index.php?rest_route=%2Fwp%2Fv2%2Fcategories&post=4217"},{"taxonomy":"post_tag","embeddable":true,"href":"https:\/\/combactive.fr\/index.php?rest_route=%2Fwp%2Fv2%2Ftags&post=4217"}],"curies":[{"name":"wp","href":"https:\/\/api.w.org\/{rel}","templated":true}]}}