{"id":426,"date":"2012-02-11T10:18:43","date_gmt":"2012-02-11T10:18:43","guid":{"rendered":"http:\/\/www.combactive.fr\/?p=426"},"modified":"2026-02-23T16:44:00","modified_gmt":"2026-02-23T16:44:00","slug":"manifestation-anticorrida","status":"publish","type":"post","link":"https:\/\/combactive.fr\/?p=426","title":{"rendered":"Manifestation anticorrida"},"content":{"rendered":"<p>Plusieurs Bourguignons manifesteront pour son abolition samedi 11 f\u00e9vrier, \u00e0 Paris<\/p>\n<p>Corrida : Une tradition qui rapporte&#8230; mais \u00e0 qui\u00a0?<\/p>\n<p>par\u00a0Sarah George\u00a0| dijOnscOpe | jeu 09 f\u00e9v 12 | 13:23<\/p>\n<p style=\"text-align: center;\"><a href=\"http:\/\/combactive.fr\/wp-content\/uploads\/dessin.png\"><img loading=\"lazy\" decoding=\"async\" class=\"size-medium wp-image-428 aligncenter\" alt=\"dessin\" src=\"http:\/\/combactive.fr\/wp-content\/uploads\/2014\/04\/dessin-250x141.png\" width=\"250\" height=\"141\" \/><\/a><\/p>\n<p><a href=\"http:\/\/combactive.fr\/wp-content\/uploads\/2012\/02\/d292e4fcDEFAULT.jpg\"><img loading=\"lazy\" decoding=\"async\" class=\"size-medium wp-image-503 alignright\" alt=\"affiche\" src=\"http:\/\/combactive.fr\/wp-content\/uploads\/2012\/02\/d292e4fcDEFAULT-250x403.jpg\" width=\"250\" height=\"403\" \/><\/a>V\u00e9ritable torture animale ou affaire de \u00ab\u00a0tradition\u00a0\u00bb, la\u00a0corrida\u00a0\u2013 aussi appel\u00e9e tauromachie &#8211; continue de diviser l\u2019opinion en France ; avec d\u2019un c\u00f4t\u00e9 les \u00e9leveurs et les passionn\u00e9s, baptis\u00e9s\u00a0aficionados, et de l\u2019autre, ses d\u00e9tracteurs. Il faut dire que le sujet invite au d\u00e9bat car d&rsquo;apr\u00e8s la l\u00e9gislation en vigueur, tous s\u00e9vices graves ou actes de cruaut\u00e9 commis envers un animal sont passibles d\u2019emprisonnement (Lire ici l&rsquo;article 521-1\u00a0du code p\u00e9nal)<br \/>\nOr, la France autorise la tauromachie et d\u2019autres pratiques mettant en sc\u00e8ne des animaux, comme les\u00a0combats de coqs, au pr\u00e9texte d\u2019exception \u00e0 la r\u00e8gle. Celle-ci s\u2019applique d\u00e8s lors qu\u2019on invoque une \u00ab\u00a0tradition locale ininterrompue\u00a0\u00bb. Plus surprenant encore : tandis que la Catalogne, l&rsquo;un des bastions de la corrida en Espagne, l&rsquo;a interdite sur son sol en 2010 (Lire\u00a0icinotre article), la tauromachie est inscrite \u00e0 l&rsquo;inventaire du patrimoine immat\u00e9riel fran\u00e7ais depuis 2011, soulevant nombre de critiques (Lire\u00a0ici\u00a0France 3)&#8230;<\/p>\n<p>&nbsp;<\/p>\n<p>70 \u00e0 75% des Fran\u00e7ais contre la corrida<br \/>\nPour d\u00e9noncer cette pratique et supprimer l\u2019exception \u00e0 la r\u00e8gle l\u00e9gislative, qui suppose dans le m\u00eame temps l\u2019abolition de la\u00a0corrida, les militants de la cause animale multiplient les actions. Et, cette fois, ils comptent bien alerter l\u2019opinion au niveau national. Samedi 11 f\u00e9vrier 2012, une grande manifestation anti-corrida est organis\u00e9e \u00e0 Paris avec la participation de quelques 180 associations. Parmi\u00a0celles-ci, le Comit\u00e9 radicalement anti-corrida (CRAC),\u00a0Animaux en p\u00e9ril,\u00a0le Droit des animaux\u00a0ou encore\u00a0le collectif\u00a0Non, \u00e0 la honte fran\u00e7aise\u00a0!. L\u2019objectif\u00a0? \u00ab\u00a0Montrer que les choses \u00e9voluent et que les politiques ne sont pas forc\u00e9ment \u00e0 l\u2019\u00e9coute de la population\u00a0\u00bb, explique Mathilde Vernerey, membre de l\u2019association dijonnaiseCombactive, qui a pris part activement \u00e0 l\u2019organisation de cette manifestation. Car, tel qu\u2019elle le rappelle, \u00ab\u00a070 \u00e0 75% des Fran\u00e7ais sont contre la corrida, ce qui repr\u00e9sente une large majorit\u00e9.\u00a0\u00bb<br \/>\nLa manifestation, qui pr\u00e9voit de r\u00e9unir entre 1.500 et 2.000 personnes, prendra son point de d\u00e9part \u00e0\u00a0l\u2019Assembl\u00e9e nationale\u00a0d\u00e8s 15h, et se terminera au\u00a0Trocad\u00e9ro. Relay\u00e9e sur les r\u00e9seaux sociaux et via Internet, elle appelle \u00e0 la mobilisation de toutes les personnes qui se sentent concern\u00e9es, membres d\u2019associations ou non. Le slogan choisi : \u00ab\u00a0En 2012, les taureaux voteront\u00a0\u00bb, donne le ton. La voix des animaux se fera entendre \u00e0 travers celle des militants, tout comme les potentielles voies \u00e9lectorales. \u00ab\u00a0Il n\u2019y a pas que l\u2019\u00e9lectorat des chasseurs\u00a0! Les arguments de vote peuvent aussi faire pencher la balance\u00a0\u00bb, remarque Mathilde Vernerey. Diff\u00e9rentes mises en sc\u00e8nes sont pr\u00e9vues tout au long de la manifestation \u00ab\u00a0pour permettre de rendre encore plus visible notre cause aupr\u00e8s des m\u00e9dias et du public.\u00a0\u00bb Mais impossible d\u2019en savoir davantage : celles-ci sont gard\u00e9es secr\u00e8tes&#8230;<\/p>\n<p>\u00ab\u00a0Les gens sont \u00e9lev\u00e9s dans cette tradition\u00a0\u00bb<br \/>\nIl faut dire qu\u2019en mati\u00e8re d\u2019engagement militant, les anti-corridas n&rsquo;en sont pas \u00e0 leur premier coup d\u2019essai. Chaque ann\u00e9e, de nombreuses manifestations contre la tauromachie sont organis\u00e9es partout en France. Ainsi, le 11 septembre 2010, \u00e0 N\u00eemes, entre 1.800 et 3.000 personnes ont manifest\u00e9 pour demander son abolition (Lire\u00a0ici\u00a0notre article). Le 14 ao\u00fbt 2010, \u00e0 B\u00e9ziers, des militants ont fait entendre leur voix pendant la\u00a0feria. Plus r\u00e9cemment encore, le 8 octobre 2011, \u00e0 Rodilhan, dans le Gard, o\u00f9 une manifestation pacifiste men\u00e9e au sein d\u2019une ar\u00e8ne vire \u00e0 l\u2019affrontement (Voirici). De nombreux manifestants anti-corridas venus protester, se sont vus malmen\u00e9s par des\u00a0aficionados.<\/p>\n<p>Membre de\u00a0l\u2019Alliance \u00e9cologiste ind\u00e9pendante, Roland Essayan en faisait partie avec deux autres Dijonnais. \u00ab\u00a0Le probl\u00e8me, c&rsquo;est que dans le Sud, les gens sont \u00e9lev\u00e9s dans cette tradition et ils deviennent totalement insensibles \u00e0 la souffrance animale d\u00e8s le plus jeune \u00e2ge. Ils font m\u00eame le forcing pour des corridas gratuites pour les jeunes, pour attirer la rel\u00e8ve.\u00a0\u00bb Lui-aussi participera \u00e0 la manifestation nationale samedi 11 f\u00e9vrier, avec 10 \u00e0 15 autres personnes de Dijon et Besan\u00e7on (Doubs). \u00ab\u00a0Il s&rsquo;agit d&rsquo;interpeller les parlementaires et de faire bouger les gens contre cette honte inscrite au patrimoine de la France. M\u00eame si nous ne sommes pas directement concern\u00e9s en C\u00f4te-d&rsquo;Or, la corrida demeure un probl\u00e8me moral. Peut-on d\u00e8s le plus jeune \u00e2ge cautionner les s\u00e9vices sur animaux, au nom d&rsquo;un folklore r\u00e9gional\u00a0?\u00a0\u00bb<\/p>\n<div id='gallery-1' class='gallery galleryid-426 gallery-columns-3 gallery-size-thumbnail'><figure class='gallery-item'>\n\t\t\t<div class='gallery-icon landscape'>\n\t\t\t\t<a href='https:\/\/combactive.fr\/?attachment_id=460'><img loading=\"lazy\" decoding=\"async\" width=\"80\" height=\"80\" src=\"https:\/\/combactive.fr\/wp-content\/uploads\/manifestation-anticorrida-31-80x80.jpg\" class=\"attachment-thumbnail size-thumbnail\" alt=\"\" \/><\/a>\n\t\t\t<\/div><\/figure><figure class='gallery-item'>\n\t\t\t<div class='gallery-icon landscape'>\n\t\t\t\t<a href='https:\/\/combactive.fr\/?attachment_id=431'><img loading=\"lazy\" decoding=\"async\" width=\"80\" height=\"80\" src=\"https:\/\/combactive.fr\/wp-content\/uploads\/manifestation-anticorrida-2-80x80.jpg\" class=\"attachment-thumbnail size-thumbnail\" alt=\"\" \/><\/a>\n\t\t\t<\/div><\/figure><figure class='gallery-item'>\n\t\t\t<div class='gallery-icon landscape'>\n\t\t\t\t<a href='https:\/\/combactive.fr\/?attachment_id=430'><img loading=\"lazy\" decoding=\"async\" width=\"80\" height=\"80\" src=\"https:\/\/combactive.fr\/wp-content\/uploads\/manifestation-anticorrida-1-80x80.jpg\" class=\"attachment-thumbnail size-thumbnail\" alt=\"\" \/><\/a>\n\t\t\t<\/div><\/figure>\n\t\t<\/div>\n\n","protected":false},"excerpt":{"rendered":"<p>Plusieurs Bourguignons manifesteront pour son abolition samedi 11 f\u00e9vrier, \u00e0 Paris Corrida : Une tradition qui rapporte&#8230; mais \u00e0 qui\u00a0? par\u00a0Sarah George\u00a0| dijOnscOpe | jeu 09 f\u00e9v 12 | 13:23 V\u00e9ritable torture animale ou affaire de \u00ab\u00a0tradition\u00a0\u00bb, la\u00a0corrida\u00a0\u2013 aussi appel\u00e9e tauromachie &#8211; continue de diviser l\u2019opinion en France ; avec d\u2019un c\u00f4t\u00e9 les \u00e9leveurs et<a class=\"wp-block-latest-posts__read-more\" href=\"https:\/\/combactive.fr\/?p=426\"> Voir plus +<\/a><\/p>\n","protected":false},"author":1,"featured_media":23149,"comment_status":"closed","ping_status":"closed","sticky":false,"template":"","format":"standard","meta":{"_acf_changed":false,"footnotes":""},"categories":[5],"tags":[],"class_list":["post-426","post","type-post","status-publish","format-standard","has-post-thumbnail","hentry","category-corrida"],"acf":[],"_links":{"self":[{"href":"https:\/\/combactive.fr\/index.php?rest_route=\/wp\/v2\/posts\/426","targetHints":{"allow":["GET"]}}],"collection":[{"href":"https:\/\/combactive.fr\/index.php?rest_route=\/wp\/v2\/posts"}],"about":[{"href":"https:\/\/combactive.fr\/index.php?rest_route=\/wp\/v2\/types\/post"}],"author":[{"embeddable":true,"href":"https:\/\/combactive.fr\/index.php?rest_route=\/wp\/v2\/users\/1"}],"replies":[{"embeddable":true,"href":"https:\/\/combactive.fr\/index.php?rest_route=%2Fwp%2Fv2%2Fcomments&post=426"}],"version-history":[{"count":1,"href":"https:\/\/combactive.fr\/index.php?rest_route=\/wp\/v2\/posts\/426\/revisions"}],"predecessor-version":[{"id":1742,"href":"https:\/\/combactive.fr\/index.php?rest_route=\/wp\/v2\/posts\/426\/revisions\/1742"}],"wp:featuredmedia":[{"embeddable":true,"href":"https:\/\/combactive.fr\/index.php?rest_route=\/wp\/v2\/media\/23149"}],"wp:attachment":[{"href":"https:\/\/combactive.fr\/index.php?rest_route=%2Fwp%2Fv2%2Fmedia&parent=426"}],"wp:term":[{"taxonomy":"category","embeddable":true,"href":"https:\/\/combactive.fr\/index.php?rest_route=%2Fwp%2Fv2%2Fcategories&post=426"},{"taxonomy":"post_tag","embeddable":true,"href":"https:\/\/combactive.fr\/index.php?rest_route=%2Fwp%2Fv2%2Ftags&post=426"}],"curies":[{"name":"wp","href":"https:\/\/api.w.org\/{rel}","templated":true}]}}