{"id":4309,"date":"2018-01-15T13:59:26","date_gmt":"2018-01-15T11:59:26","guid":{"rendered":"https:\/\/old.combactive.fr\/?p=4309"},"modified":"2018-01-15T13:59:26","modified_gmt":"2018-01-15T11:59:26","slug":"fournee-sans-fourrure-a-dijon-13-01-18","status":"publish","type":"post","link":"https:\/\/combactive.fr\/?p=4309","title":{"rendered":"Fourn\u00e9e sans fourrure \u00e0 DIJON 13.01.18"},"content":{"rendered":"<p><iframe loading=\"lazy\" src=\"http:\/\/www.youtube.com\/embed\/xEgwhBECers\" width=\"560\" height=\"315\" frameborder=\"0\" allowfullscreen=\"allowfullscreen\"><\/iframe><br \/>\nUne op\u00e9ration de sensibilisation au grand public par Combactive, a eu lieu samedi apr\u00e8s-midi place Fran\u00e7ois Rude \u00e0 Dijon \u00e0 l&rsquo;occasion de la journ\u00e9e sans fourrure, qui co\u00efncidait avec le d\u00e9but des soldes,\u00a0elle correspond \u00e0 un pic dans les achats de pr\u00eat-\u00e0-porter en France.<\/p>\n<p>\u00ab Lanc\u00e9e en 2007, cette journ\u00e9e d\u2019action a pour objectif d&rsquo;envoyer un message fort contre le commerce de la fourrure aupr\u00e8s des personnes venues faire les soldes \u00bb, explique Fabien Robert, pr\u00e9sident de Combactive. \u00ab Nous souhaitons que la souffrance des animaux, \u00e9lev\u00e9s puis tu\u00e9s pour leur fourrure dans des conditions abominables, ne soit plus dissimul\u00e9e. La fourrure se retrouve aujourd\u2019hui principalement sur les cols, les vestes, les bottes&#8230;\u00a0 Le prix tr\u00e8s bas des articles contenant de la vraie fourrure trompe de nombreux acheteurs. La fourrure animale est en effet parfois moins ch\u00e8re que la fausse fourrure. \u00bb<\/p>\n<h4><strong>Une r\u00e9glementation pour le bien-\u00eatre des animaux<\/strong><\/h4>\n<p>Des avanc\u00e9es majeures contre l\u2019industrie de la fourrure ont \u00e9t\u00e9 obtenues ces derni\u00e8res ann\u00e9es. Les \u00e9levages d&rsquo;animaux pour leur fourrure est interdit aujourd&rsquo;hui dans de nombreux pays : Royaume-Uni, Autriche, Pays-Bas (d\u00e9lai jusqu&rsquo;en 2024), Croatie, Slov\u00e9nie, Bosnie-Herz\u00e9govine, Serbie, R\u00e9publique de Mac\u00e9doine, et R\u00e9publique Tch\u00e8que. L&rsquo;Allemagne a adopt\u00e9 une r\u00e9glementation pour le bien-\u00eatre des animaux qui am\u00e8nera \u00e0 la fermeture des \u00e9levages d\u2019animaux \u00e0 fourrure.<\/p>\n\n","protected":false},"excerpt":{"rendered":"<p>Une op\u00e9ration de sensibilisation au grand public par Combactive, a eu lieu samedi apr\u00e8s-midi place Fran\u00e7ois Rude \u00e0 Dijon \u00e0 l&rsquo;occasion de la journ\u00e9e sans fourrure, qui co\u00efncidait avec le d\u00e9but des soldes,\u00a0elle correspond \u00e0 un pic dans les achats de pr\u00eat-\u00e0-porter en France. \u00ab Lanc\u00e9e en 2007, cette journ\u00e9e d\u2019action a pour objectif d&rsquo;envoyer<a class=\"wp-block-latest-posts__read-more\" href=\"https:\/\/combactive.fr\/?p=4309\"> Voir plus +<\/a><\/p>\n","protected":false},"author":1,"featured_media":25073,"comment_status":"closed","ping_status":"closed","sticky":false,"template":"","format":"standard","meta":{"_acf_changed":false,"footnotes":""},"categories":[7],"tags":[],"class_list":["post-4309","post","type-post","status-publish","format-standard","has-post-thumbnail","hentry","category-fourrure"],"acf":[],"_links":{"self":[{"href":"https:\/\/combactive.fr\/index.php?rest_route=\/wp\/v2\/posts\/4309","targetHints":{"allow":["GET"]}}],"collection":[{"href":"https:\/\/combactive.fr\/index.php?rest_route=\/wp\/v2\/posts"}],"about":[{"href":"https:\/\/combactive.fr\/index.php?rest_route=\/wp\/v2\/types\/post"}],"author":[{"embeddable":true,"href":"https:\/\/combactive.fr\/index.php?rest_route=\/wp\/v2\/users\/1"}],"replies":[{"embeddable":true,"href":"https:\/\/combactive.fr\/index.php?rest_route=%2Fwp%2Fv2%2Fcomments&post=4309"}],"version-history":[{"count":0,"href":"https:\/\/combactive.fr\/index.php?rest_route=\/wp\/v2\/posts\/4309\/revisions"}],"wp:featuredmedia":[{"embeddable":true,"href":"https:\/\/combactive.fr\/index.php?rest_route=\/wp\/v2\/media\/25073"}],"wp:attachment":[{"href":"https:\/\/combactive.fr\/index.php?rest_route=%2Fwp%2Fv2%2Fmedia&parent=4309"}],"wp:term":[{"taxonomy":"category","embeddable":true,"href":"https:\/\/combactive.fr\/index.php?rest_route=%2Fwp%2Fv2%2Fcategories&post=4309"},{"taxonomy":"post_tag","embeddable":true,"href":"https:\/\/combactive.fr\/index.php?rest_route=%2Fwp%2Fv2%2Ftags&post=4309"}],"curies":[{"name":"wp","href":"https:\/\/api.w.org\/{rel}","templated":true}]}}