{"id":4367,"date":"2018-02-05T10:22:35","date_gmt":"2018-02-05T08:22:35","guid":{"rendered":"https:\/\/old.combactive.fr\/?p=4367"},"modified":"2018-02-05T10:22:35","modified_gmt":"2018-02-05T08:22:35","slug":"merci-aux-amoureux-des-crepes","status":"publish","type":"post","link":"https:\/\/combactive.fr\/?p=4367","title":{"rendered":"Merci aux amoureux des cr\u00eapes !"},"content":{"rendered":"<p><a href=\"http:\/\/combactive.fr\/wp-content\/uploads\/2018\/02\/dijon-des-crepes-vegan-au-menu-avec-l-association-combactive-315357.jpg\"><img loading=\"lazy\" decoding=\"async\" class=\"alignleft  wp-image-4370\" src=\"http:\/\/combactive.fr\/wp-content\/uploads\/2018\/02\/dijon-des-crepes-vegan-au-menu-avec-l-association-combactive-315357-700x485.jpg\" alt=\"\" width=\"371\" height=\"257\" \/><\/a>Merci \u00e0 tous d&rsquo;avoir r\u00e9pondu pr\u00e9sent pour la chandeleur \u00e0 Dijon ce samedi 3 F\u00e9vrier, place du Bareuzai.<\/p>\n<p>Les gourmands sont venus nombreux soutenir notre association et se remplir l&rsquo;estomac avec les cr\u00eapes et confitures de Bob qui n&rsquo;ont pas manqu\u00e9 de succ\u00e8s, comme d&rsquo;habitude.<\/p>\n<p><span style=\"color: #0000ff;\"><em>Dijon Infos a couvert notre \u00e9v\u00e9nement :<\/em><\/span><\/p>\n<p><em>Les militants b\u00e9n\u00e9voles de l\u2019association s\u2019\u00e9taient install\u00e9s sur la place Fran\u00e7ois Rude samedi apr\u00e8s-midi. Explications de leur action.<\/em><\/p>\n<p><em>Cr\u00e9\u00e9e en 2008, l\u2019association dijonnaise milite pour d\u00e9noncer la sur-<a href=\"http:\/\/combactive.fr\/wp-content\/uploads\/2018\/02\/dijon-des-crepes-vegan-au-menu-avec-l-association-combactive-495550.jpg\"><img loading=\"lazy\" decoding=\"async\" class=\"alignleft  wp-image-4372\" src=\"http:\/\/combactive.fr\/wp-content\/uploads\/2018\/02\/dijon-des-crepes-vegan-au-menu-avec-l-association-combactive-495550-700x452.jpg\" alt=\"\" width=\"379\" height=\"245\" \/><\/a>consommation et plus pr\u00e9cis\u00e9ment l\u2019exploitation abusive de la plan\u00e8te, de la nature et des animaux. Nous avions rencontr\u00e9 ses militants le samedi 13 janvier \u00e0 l\u2019occasion de la Journ\u00e9e sans fourrure (voir <a href=\"http:\/\/www.infos-dijon.com\/news\/bourgogne-franche-comte\/bourgogne-franche-comte\/video-les-militants-de-l-association-combactive-a-dijon-pour-la-journee-sans-fourrure.html\" target=\"_blank\" rel=\"noopener\">notre reportage en cliquant ici<\/a>).<\/em><br \/>\n<em>Leur derni\u00e8re action en date \u00e9tait effectu\u00e9e ce samedi, sur la place Fran\u00e7ois Rude \u00e0 Dijon. Leur chapiteau \u00e9tait dress\u00e9 et on y faisait des cr\u00eapes vegan, sans lait de vache et sans oeufs.<\/em><br \/>\n<em>Fabien Robert, pr\u00e9sident de Combactive, a expliqu\u00e9 le sens de cette op\u00e9ration : \u00abCette fois-ci, nous voulons montrer qu\u2019il est possible de manger sans utiliser des ingr\u00e9dients issus des animaux, m\u00eame pour des choses simples que sont en l\u2019occurrence les cr\u00eapes. Manger v\u00e9g\u00e9tal, c&rsquo;est festif aussi !\u00a0\u00bb<\/em><img loading=\"lazy\" decoding=\"async\" class=\"alignleft  wp-image-4368\" src=\"http:\/\/combactive.fr\/wp-content\/uploads\/2018\/02\/32161_1_news-700x422.jpg\" alt=\"\" width=\"378\" height=\"228\" \/><em><br \/>\nL\u2019action \u00e9tant l\u00e0 d\u00e9velopp\u00e9e au lendemain de la chandeleur. Et le pr\u00e9sident de l\u2019association a insist\u00e9 sur la d\u00e9marche : \u00abAu lieu de s\u2019exprimer sur un ton qui peut parfois \u00eatre per\u00e7u comme trop moralisateur, nous pr\u00e9f\u00e9rons mettre en pratique les choses afin de les pr\u00e9senter concr\u00e8tement. Apr\u00e8s, \u00e9videmment, c\u2019est aux gens d\u2019adh\u00e9rer ou pas\u00bb.<\/em><br \/>\n<em>Ce samedi apr\u00e8s-midi, les pr\u00e9parations de cr\u00eapes s\u2019encha\u00eenaient plut\u00f4t bien. Avec la satisfaction pour les membres associatifs de voir des sympathisants les rejoindre sur le lieu de l&rsquo;action ainsi que sur leurs id\u00e9es d\u00e9fendues, mais aussi d\u2019avoir peut-\u00eatre convaincu des personnes ext\u00e9rieures \u00e0 cette action s\u2019\u00e9tant arr\u00eat\u00e9es au stand de cr\u00eapes par curiosit\u00e9. \u00abDes gens viennent et sont plut\u00f4t bluff\u00e9s, tout d\u2019abord car ils ne pensaient m\u00eame pas que l\u2019on peut se passer de certains ingr\u00e9dients pour faire des cr\u00eapes\u00bb, a ajout\u00e9 Fabien Robert.<\/em><br \/>\n<em>La recette des cr\u00eapes vegan \u00e9tait ainsi distribu\u00e9e aux personnes curieuses et int\u00e9ress\u00e9es. Nous vous partageons cette recette.<\/em><\/p>\n<p>Source :http:\/\/www.infos-dijon.com\/news\/dijon\/dijon\/dijon-des-crepes-vegan-au-menu-avec-l-association-combactive.html<\/p>\n<p>&nbsp;<\/p>\n<p>&nbsp;<\/p>\n<p>&nbsp;<\/p>\n<p>&nbsp;<\/p>\n<p>&nbsp;<\/p>\n<p>&nbsp;<\/p>\n<p>&nbsp;<\/p>\n<p>&nbsp;<\/p>\n<p>&nbsp;<\/p>\n<p>&nbsp;<\/p>\n<p>&nbsp;<\/p>\n<p>&nbsp;<\/p>\n<p>&nbsp;<\/p>\n<p>&nbsp;<\/p>\n<p>&nbsp;<\/p>\n<p>&nbsp;<\/p>\n<p>&nbsp;<\/p>\n<p>&nbsp;<\/p>\n<p>&nbsp;<\/p>\n<p>&nbsp;<\/p>\n<p>&nbsp;<\/p>\n<p>&nbsp;<\/p>\n<p>&nbsp;<\/p>\n<p>&nbsp;<\/p>\n<p>&nbsp;<\/p>\n<p>&nbsp;<\/p>\n<p>&nbsp;<\/p>\n<p>&nbsp;<\/p>\n<p>&nbsp;<\/p>\n<p>&nbsp;<\/p>\n<p>&nbsp;<\/p>\n<p>&nbsp;<\/p>\n<p>&nbsp;<\/p>\n","protected":false},"excerpt":{"rendered":"<p>Merci \u00e0 tous d&rsquo;avoir r\u00e9pondu pr\u00e9sent pour la chandeleur \u00e0 Dijon ce samedi 3 F\u00e9vrier, place du Bareuzai. Les gourmands sont venus nombreux soutenir notre association et se remplir l&rsquo;estomac avec les cr\u00eapes et confitures de Bob qui n&rsquo;ont pas manqu\u00e9 de succ\u00e8s, comme d&rsquo;habitude. Dijon Infos a couvert notre \u00e9v\u00e9nement : Les militants b\u00e9n\u00e9voles<a class=\"wp-block-latest-posts__read-more\" href=\"https:\/\/combactive.fr\/?p=4367\"> Voir plus +<\/a><\/p>\n","protected":false},"author":1,"featured_media":25110,"comment_status":"closed","ping_status":"closed","sticky":false,"template":"","format":"standard","meta":{"_acf_changed":false,"footnotes":""},"categories":[6],"tags":[],"class_list":["post-4367","post","type-post","status-publish","format-standard","has-post-thumbnail","hentry","category-alimentation-vege"],"acf":[],"_links":{"self":[{"href":"https:\/\/combactive.fr\/index.php?rest_route=\/wp\/v2\/posts\/4367","targetHints":{"allow":["GET"]}}],"collection":[{"href":"https:\/\/combactive.fr\/index.php?rest_route=\/wp\/v2\/posts"}],"about":[{"href":"https:\/\/combactive.fr\/index.php?rest_route=\/wp\/v2\/types\/post"}],"author":[{"embeddable":true,"href":"https:\/\/combactive.fr\/index.php?rest_route=\/wp\/v2\/users\/1"}],"replies":[{"embeddable":true,"href":"https:\/\/combactive.fr\/index.php?rest_route=%2Fwp%2Fv2%2Fcomments&post=4367"}],"version-history":[{"count":0,"href":"https:\/\/combactive.fr\/index.php?rest_route=\/wp\/v2\/posts\/4367\/revisions"}],"wp:featuredmedia":[{"embeddable":true,"href":"https:\/\/combactive.fr\/index.php?rest_route=\/wp\/v2\/media\/25110"}],"wp:attachment":[{"href":"https:\/\/combactive.fr\/index.php?rest_route=%2Fwp%2Fv2%2Fmedia&parent=4367"}],"wp:term":[{"taxonomy":"category","embeddable":true,"href":"https:\/\/combactive.fr\/index.php?rest_route=%2Fwp%2Fv2%2Fcategories&post=4367"},{"taxonomy":"post_tag","embeddable":true,"href":"https:\/\/combactive.fr\/index.php?rest_route=%2Fwp%2Fv2%2Ftags&post=4367"}],"curies":[{"name":"wp","href":"https:\/\/api.w.org\/{rel}","templated":true}]}}