{"id":4517,"date":"2018-04-17T13:50:02","date_gmt":"2018-04-17T11:50:02","guid":{"rendered":"https:\/\/old.combactive.fr\/?p=4517"},"modified":"2018-04-17T13:50:02","modified_gmt":"2018-04-17T11:50:02","slug":"radio-simone","status":"publish","type":"post","link":"https:\/\/combactive.fr\/?p=4517","title":{"rendered":"RADIO Simone"},"content":{"rendered":"<p><a href=\"http:\/\/combactive.fr\/wp-content\/uploads\/2018\/04\/Logo-SIMONE-HD.jpg\"><img loading=\"lazy\" decoding=\"async\" class=\"alignleft wp-image-4520\" src=\"http:\/\/combactive.fr\/wp-content\/uploads\/2018\/04\/Logo-SIMONE-HD-700x700.jpg\" alt=\"\" width=\"156\" height=\"156\" \/><\/a><\/p>\n<p><span style=\"color: #3366ff;\"><strong>Radio Simone Station Simone porte un regard critique et amus\u00e9 sur le monde. Elle d\u00e9fend les droits \u00e0\u00a0<\/strong><\/span><\/p>\n<p><span style=\"color: #3366ff;\"><strong><img loading=\"lazy\" decoding=\"async\" class=\"wp-image-4521 alignright\" src=\"http:\/\/combactive.fr\/wp-content\/uploads\/2018\/04\/Unitag_QRCode_1518606313904.png\" alt=\"\" width=\"101\" height=\"101\" \/><\/strong><\/span><\/p>\n<p><span style=\"color: #3366ff;\"><strong>l\u2019information et \u00e0 la culture. Rencontres et ouverture sur le monde et les arts, l\u2019actualit\u00e9, les langages, les nouvelles technologies, le d\u00e9veloppement durable, la citoyennet\u00e9<\/strong><\/span><\/p>\n<p>Elle a re\u00e7u notre pr\u00e9sident Fabien ROBERT lundi 16 Avril \u00e0 18H33, \u00a0on y apprend, entre autres, pourquoi une association r\u00e9gionale de protection des animaux et de la nature peut avoir plus de poids aupr\u00e8s des tribunaux qu&rsquo;une association nationale, et bien plus encore&#8230;<\/p>\n<p>Il y aura une rediffusion de l&rsquo;\u00e9mission ce week end et lundi 23 avril prochain \u00e0 18h3\u00a0sur\u00a0<span style=\"color: #3366ff;\"><a style=\"color: #3366ff;\" href=\"http:\/\/www.radionomy.com\/fr\/radio\/21stationsimone\/index\">http:\/\/www.radionomy.com\/fr\/radio\/21stationsimone\/index<\/a><\/span><\/p>\n\n<p>&nbsp;<\/p>\n","protected":false},"excerpt":{"rendered":"<p>Radio Simone Station Simone porte un regard critique et amus\u00e9 sur le monde. Elle d\u00e9fend les droits \u00e0\u00a0 l\u2019information et \u00e0 la culture. Rencontres et ouverture sur le monde et les arts, l\u2019actualit\u00e9, les langages, les nouvelles technologies, le d\u00e9veloppement durable, la citoyennet\u00e9 Elle a re\u00e7u notre pr\u00e9sident Fabien ROBERT lundi 16 Avril \u00e0 18H33,<a class=\"wp-block-latest-posts__read-more\" href=\"https:\/\/combactive.fr\/?p=4517\"> Voir plus +<\/a><\/p>\n","protected":false},"author":1,"featured_media":25134,"comment_status":"closed","ping_status":"closed","sticky":false,"template":"","format":"standard","meta":{"_acf_changed":false,"footnotes":""},"categories":[14],"tags":[],"class_list":["post-4517","post","type-post","status-publish","format-standard","has-post-thumbnail","hentry","category-infos"],"acf":[],"_links":{"self":[{"href":"https:\/\/combactive.fr\/index.php?rest_route=\/wp\/v2\/posts\/4517","targetHints":{"allow":["GET"]}}],"collection":[{"href":"https:\/\/combactive.fr\/index.php?rest_route=\/wp\/v2\/posts"}],"about":[{"href":"https:\/\/combactive.fr\/index.php?rest_route=\/wp\/v2\/types\/post"}],"author":[{"embeddable":true,"href":"https:\/\/combactive.fr\/index.php?rest_route=\/wp\/v2\/users\/1"}],"replies":[{"embeddable":true,"href":"https:\/\/combactive.fr\/index.php?rest_route=%2Fwp%2Fv2%2Fcomments&post=4517"}],"version-history":[{"count":0,"href":"https:\/\/combactive.fr\/index.php?rest_route=\/wp\/v2\/posts\/4517\/revisions"}],"wp:featuredmedia":[{"embeddable":true,"href":"https:\/\/combactive.fr\/index.php?rest_route=\/wp\/v2\/media\/25134"}],"wp:attachment":[{"href":"https:\/\/combactive.fr\/index.php?rest_route=%2Fwp%2Fv2%2Fmedia&parent=4517"}],"wp:term":[{"taxonomy":"category","embeddable":true,"href":"https:\/\/combactive.fr\/index.php?rest_route=%2Fwp%2Fv2%2Fcategories&post=4517"},{"taxonomy":"post_tag","embeddable":true,"href":"https:\/\/combactive.fr\/index.php?rest_route=%2Fwp%2Fv2%2Ftags&post=4517"}],"curies":[{"name":"wp","href":"https:\/\/api.w.org\/{rel}","templated":true}]}}