{"id":4555,"date":"2018-05-23T08:31:32","date_gmt":"2018-05-23T06:31:32","guid":{"rendered":"https:\/\/old.combactive.fr\/?p=4555"},"modified":"2018-05-23T08:31:32","modified_gmt":"2018-05-23T06:31:32","slug":"recapitulatif-des-evenements","status":"publish","type":"post","link":"https:\/\/combactive.fr\/?p=4555","title":{"rendered":"R\u00e9capitulatif des \u00e9v\u00e8nements !"},"content":{"rendered":"<p><a href=\"http:\/\/combactive.fr\/wp-content\/uploads\/2018\/05\/Combactive-recap.jpg\"><img decoding=\"async\" class=\"alignleft size-large wp-image-4556\" src=\"http:\/\/combactive.fr\/wp-content\/uploads\/2018\/05\/Combactive-recap-700x246.jpg\" alt=\"\" \/><\/a><\/p>\n<p><strong><span style=\"color: #ff00ff;\">Que s&rsquo;est il pass\u00e9 au mois de Mars ?<\/span><\/strong><\/p>\n<p>3 weekend \u00e0 Dijon, o\u00f9 Combactive a tenu un stand d&rsquo;informations, d&rsquo;ateliers produits m\u00e9nagers, et de restauration.<\/p>\n<p>Nous avons \u00e9galement \u00e9t\u00e9 pr\u00e9sents 2 soirs au z\u00e9nith, lors du concert du talentueux chanteur, Michel Sardou !<\/p>\n<p>Notre collaboration avec l&rsquo;association Reahvi se poursuit, avec des ateliers th\u00e9rapeutiques cuisine.\u00a0Le public b\u00e9n\u00e9ficiaire est compos\u00e9 d\u2019enfants, d\u2019adolescents, et d\u2019adultes ayant subi ou subissant de la violence (maltraitance physique ou\u00a0 psychologique, inceste, violences sexuelles, ou tout autre type de violence) rep\u00e9r\u00e9s par les professionnels de l\u2019association et les partenaires, \u00e9tant dans le passage \u00e0 l\u2019acte ou susceptibles de l\u2019\u00eatre, ou dans une attitude de retournement de la violence contre soi (automutilation, etc.).<\/p>\n<p><strong><span style=\"color: #ff00ff;\">Que s&rsquo;est il pass\u00e9 en Avril ?<\/span><\/strong><\/p>\n<p>Manifestation contre la ferme des 1000 veaux \u00e0 Gu\u00e9ret, on l\u00e2che rien !<\/p>\n<p>Collectes alimentaires pour nos prot\u00e9g\u00e9s (chats et chiens \u00e0 l&rsquo;adoption, en famille d&rsquo;accueil&#8230;.)\u00e0 Jardiland et \u00e0 Villaverde, o\u00f9 nous avons r\u00e9colt\u00e9 environ 400 kg d&rsquo;aliments.<\/p>\n<p>Des repas \u00e0 domicile : un brunch haut en couleur, et un anniversaire, le tout vegan pour une centaine de personnes !<\/p>\n<p><strong><span style=\"color: #ff00ff;\">Que se passe t&rsquo;il au mois de Mai\/Juin ?<\/span><\/strong><\/p>\n<p>Combactive se pr\u00e9sente aux coll\u00e9giens, devant une centaine d&rsquo;\u00e9l\u00e8ves. L&rsquo;occasion de faire r\u00e9fl\u00e9chir nos petites t\u00eates blondes ! Ils n&rsquo;ont qu&rsquo;\u00e0 bien se tenir avec nos intervenants, Emilie et Fabien.<\/p>\n<p><a href=\"http:\/\/www.facebook.com\/events\/2061610873868769\/\">Le 3 juin RDV \u00e0 15h 30, place Sainte B\u00e9nigne \u00e0 Dijon, pour une promenade en nature et un pique nique tir\u00e9 du sac \u00e0 la ferme de Leuzeu.\u00a0<\/a>Pique-nique organis\u00e9 par SolidEre UniVers, jeune association qui promeut des projets\/activit\u00e9s pour une prise de conscience collective, de par ses b\u00e9n\u00e9voles et son r\u00e9seau de coop\u00e9ration et soutenu par Combactive<\/p>\n<p>Le 23 Juin, Marche pour la fermeture des abattoirs \u00e0 Paris, Combactive fait le transport Dijon Paris, qui veut venir !<\/p>\n<p>Le 22, 23, 24 Juin, vente d&rsquo;affiches au cin\u00e9ma Darcy et Olympia de Dijon, les b\u00e9n\u00e9fices seront revers\u00e9s \u00e0 diff\u00e9rentes associations dont Combactive ! Il est temps de changer de d\u00e9co qui fait son cin\u00e9ma, l&rsquo;affiche de film est tendance !<\/p>\n<p>&nbsp;<\/p>\n<p>&nbsp;<\/p>\n<p>&nbsp;<\/p>\n","protected":false},"excerpt":{"rendered":"<p>Que s&rsquo;est il pass\u00e9 au mois de Mars ? 3 weekend \u00e0 Dijon, o\u00f9 Combactive a tenu un stand d&rsquo;informations, d&rsquo;ateliers produits m\u00e9nagers, et de restauration. Nous avons \u00e9galement \u00e9t\u00e9 pr\u00e9sents 2 soirs au z\u00e9nith, lors du concert du talentueux chanteur, Michel Sardou ! Notre collaboration avec l&rsquo;association Reahvi se poursuit, avec des ateliers th\u00e9rapeutiques<a class=\"wp-block-latest-posts__read-more\" href=\"https:\/\/combactive.fr\/?p=4555\"> Voir plus +<\/a><\/p>\n","protected":false},"author":1,"featured_media":25142,"comment_status":"closed","ping_status":"closed","sticky":false,"template":"","format":"standard","meta":{"_acf_changed":false,"footnotes":""},"categories":[14],"tags":[],"class_list":["post-4555","post","type-post","status-publish","format-standard","has-post-thumbnail","hentry","category-infos"],"acf":[],"_links":{"self":[{"href":"https:\/\/combactive.fr\/index.php?rest_route=\/wp\/v2\/posts\/4555","targetHints":{"allow":["GET"]}}],"collection":[{"href":"https:\/\/combactive.fr\/index.php?rest_route=\/wp\/v2\/posts"}],"about":[{"href":"https:\/\/combactive.fr\/index.php?rest_route=\/wp\/v2\/types\/post"}],"author":[{"embeddable":true,"href":"https:\/\/combactive.fr\/index.php?rest_route=\/wp\/v2\/users\/1"}],"replies":[{"embeddable":true,"href":"https:\/\/combactive.fr\/index.php?rest_route=%2Fwp%2Fv2%2Fcomments&post=4555"}],"version-history":[{"count":0,"href":"https:\/\/combactive.fr\/index.php?rest_route=\/wp\/v2\/posts\/4555\/revisions"}],"wp:featuredmedia":[{"embeddable":true,"href":"https:\/\/combactive.fr\/index.php?rest_route=\/wp\/v2\/media\/25142"}],"wp:attachment":[{"href":"https:\/\/combactive.fr\/index.php?rest_route=%2Fwp%2Fv2%2Fmedia&parent=4555"}],"wp:term":[{"taxonomy":"category","embeddable":true,"href":"https:\/\/combactive.fr\/index.php?rest_route=%2Fwp%2Fv2%2Fcategories&post=4555"},{"taxonomy":"post_tag","embeddable":true,"href":"https:\/\/combactive.fr\/index.php?rest_route=%2Fwp%2Fv2%2Ftags&post=4555"}],"curies":[{"name":"wp","href":"https:\/\/api.w.org\/{rel}","templated":true}]}}