{"id":4618,"date":"2019-03-12T11:38:40","date_gmt":"2019-03-12T09:38:40","guid":{"rendered":"https:\/\/old.combactive.fr\/?p=4618"},"modified":"2019-03-12T11:38:40","modified_gmt":"2019-03-12T09:38:40","slug":"4-mai-2019-manifestation-face-a-lelevage-de-visons","status":"publish","type":"post","link":"https:\/\/combactive.fr\/?p=4618","title":{"rendered":"4 Mai 2019 Manifestation VESOUL"},"content":{"rendered":"<h3><a href=\"http:\/\/montarlot-elevage-visons.fr\/\"><img loading=\"lazy\" decoding=\"async\" class=\"alignleft wp-image-4297\" src=\"http:\/\/combactive.fr\/wp-content\/uploads\/2018\/01\/bb-vison-1.jpg\" alt=\"\" width=\"242\" height=\"242\" \/><strong><span style=\"color: #ff0000;\">RDV sur le site d\u00e9di\u00e9 en cliquant ICI<\/span><\/strong><\/a><\/h3>\n<h3><a href=\"http:\/\/montarlot-elevage-visons.fr\/\">N\u00e9s pour \u00eatre Tu\u00e9s \u00e0 cause de leur FOURRURE<\/a><br \/>\nLes visons n&rsquo;en peuvent plus,<br \/>\net nous non plus !<\/h3>\n<p>&nbsp;<\/p>\n<p><em>La population ne veut plus de ces fermes concentrationnaires de la mort.<\/em><\/p>\n<p><em>Saviez-vous qu&rsquo;en France aujourd&rsquo;hui, il existe des \u00e9levages de visons ?<\/em><\/p>\n<p><em>Voulez-vous voir \u00e0 quoi ressemble un \u00e9levage de visons ?<\/em><\/p>\n<p>&nbsp;<\/p>\n<h2><span style=\"color: #ff0000;\">Samedi 4 mai 2019 \u00e0 Vesoul<\/span><\/h2>\n<p>&nbsp;<\/p>\n<h2 style=\"text-align: center;\"><span style=\"color: #ff0000;\">GRANDE MANIFESTATION UNITAIRE.<\/span><\/h2>\n<p>&nbsp;<\/p>\n<p>L\u2019\u00c9LEVAGE DE VISONS, de Montarlot les Rioz (Haute Sa\u00f4ne-70) <em>RDV le samedi 4 mai 2019 \u00e0 Vesoul \u00e0 partir de 11h30<\/em><\/p>\n<p>Depuis sa cr\u00e9ation il y a quelques ann\u00e9es, l\u2019\u00e9levage de Montarlot Les Rioz \u00e9l\u00e8ve et enl\u00e8ve la vie \u00e0 quasiment 2000 visons tous les ans.<\/p>\n<p>Mais, fin 2017, la pr\u00e9fecture de Haute-Sa\u00f4ne autorise une augmentation allant jusqu\u2019\u00e0 7700 visons !<br \/>\nComme nous l\u2019avons fait \u00e0 Emagny, nous avons longuement travaill\u00e9 avec l\u2019avocate de Combactive.<br \/>\nNous avons sollicit\u00e9 de nouveaux experts, \u00e9tudi\u00e9 tous les documents ayant permis cette augmentation et nous avons trouv\u00e9 des \u00e9l\u00e9ments et constitu\u00e9 un dossier d\u00e9montrant aux autorit\u00e9s que ce genre d\u2019\u00e9levage est dangereux pour l\u2019environnement et absolument immoral en 2019.<br \/>\nNos premi\u00e8res sollicitations \u00e9tant rest\u00e9es vaines, nous avons attaqu\u00e9 l\u2019arr\u00eat\u00e9 de la pr\u00e9fecture au tribunal. Dignit\u00e9 Animale a \u00e9galement r\u00e9dig\u00e9 un rapport ainsi que la SPA de Paris avec qui nous avons partag\u00e9 nos informations.<\/p>\n<p>Il est important de savoir que nous avons sollicit\u00e9 l\u2019\u00e9leveur, Monsieur Chassin pour qu&rsquo;il \u00e9volue dans son activit\u00e9 et qu&rsquo;au lieu d&rsquo;\u00e9lever des animaux (qu\u2019il nous dit \u00ab aimer \u00bb) pour les tuer au bout de quelques mois, il transforme son exploitation en centre p\u00e9dagogique de pr\u00e9sentation du vison d&rsquo;Am\u00e9rique. La possibilit\u00e9 d&rsquo;une belle alternative est entre ses mains, nous continuons \u00e0 esp\u00e9rer.<\/p>\n<p>Mais en attendant, nous devons agir, et sans r\u00e9ponse positive, nous avons attaqu\u00e9 le r\u00e9cent arr\u00eat\u00e9 pr\u00e9fectoral autorisant l\u2019\u00e9levage \u00e0 passer de 2000 \u00e0 7700 VISONS. L\u2019affaire est en ce moment au tribunal de Besan\u00e7on.<\/p>\n<div id=\"prog\" class=\"last-paragraph-no-margin\">\n<p>Programme de la journ\u00e9e :<\/p>\n<\/div>\n<ul id=\"list-prog\" class=\"no-padding list-style-4 list-style4-1 \">\n<li>11h30 rendez-vous \u00e0 Vesoul sur la tr\u00e8s belle place du 11\u00e8me chasseur (entre le Lyc\u00e9e du Luxembourg et la mairie)<\/li>\n<li>11h30 \u00e0 13h30 village associatif et repas 100% v\u00e9g\u00e9tal<\/li>\n<li>13h30 \u00e0 13h45 R\u00e9sum\u00e9 de l&rsquo;histoire de l&rsquo;\u00e9levage de visons d&rsquo;Emagny<\/li>\n<li>13h45 \u00e0 14h00 r\u00e9sum\u00e9 des actions d\u00e9j\u00e0 men\u00e9es face \u00e0 l\u2019autorisation d\u2019\u00e9lever 7700 visons<\/li>\n<li>14h00 \u00e0 15h00 Prises de parole de plusieurs intervenants d&rsquo;associations<\/li>\n<li>15h00 \u00e0 16h00 Marche symbolique, d\u00e9ambulation dans le centre-ville de Vesoul<br \/>\nD\u00e9l\u00e9gation (SPA Paris, Fondation Bardot, Haute Sa\u00f4ne Nature Environnement, L214 et Combactive) re\u00e7ue en pr\u00e9fecture<\/li>\n<li>17h00 \u00e0 18h30 Retour sur le village associatif, d\u00e9couverte des projets locaux et nationaux des associations pr\u00e9sentes<\/li>\n<\/ul>\n<h3><strong><span style=\"color: #000000;\">Un repas chaud sera propos\u00e9 le midi pour le confort de toutes et tous.<br \/>\n(Confort \u00ab made in Combactive \u00bb)<\/span><\/strong><\/h3>\n<p>Toutes les associations fran\u00e7aises et limitrophes sont sollicit\u00e9es pour cette grande manifestation unitaire.<br \/>\nToutes peuvent \u00e9galement installer \u00e0 nos c\u00f4t\u00e9 leur propre stand (nous contacter par <span style=\"color: #0000ff;\"><a style=\"color: #0000ff;\" href=\"mailto:contact@combactive.fr\">e-mail<\/a><\/span>)<\/p>\n<p>&nbsp;<\/p>\n<h3><strong>Transport Paris-Vesoul<\/strong><\/h3>\n<p><span style=\"color: #3366ff;\"><a style=\"color: #3366ff;\" href=\"http:\/\/www.helloasso.com\/associations\/combactive\/evenements\/bus-paris-pour-la-manifestation-contre-elevage-de-visons-montarlot-les-rioz\"><span style=\"color: #000000;\">CLIQUER SUR<\/span> Inscrivez-vous au plus vite.\u00a0<\/a><\/span><\/p>\n<p><span style=\"color: #000000;\"><strong><a href=\"http:\/\/combactive.fr\/wp-content\/uploads\/2019\/03\/bus-250x151.jpg\"><img decoding=\"async\" class=\"alignleft size-full wp-image-4652\" src=\"http:\/\/combactive.fr\/wp-content\/uploads\/2019\/03\/bus-250x151.jpg\" alt=\"\" \/><\/a>Tu veux manifester pour les animaux<\/strong><\/span><br \/>\n<span style=\"color: #ff0000;\">Tu ne veux plus d\u2019\u00e9levages de visons en France, alors rejoins-nous et <span style=\"color: #000000;\"><strong>viens \u00e0 Vesoul le 4 mai<\/strong><\/span>.<\/span><\/p>\n<p>&nbsp;<\/p>\n<p><img decoding=\"async\" class=\"alignnone size-large wp-image-4634\" src=\"http:\/\/combactive.fr\/wp-content\/uploads\/2019\/03\/flyer_montarlot_printoclock_recto-700x933.jpg\" alt=\"\" \/><\/p>\n<p>&nbsp;<\/p>\n<p><img decoding=\"async\" class=\"alignnone size-large wp-image-4635\" src=\"http:\/\/combactive.fr\/wp-content\/uploads\/2019\/03\/flyer_montarlot_printoclock_verso-700x933.jpg\" alt=\"\" \/><\/p>\n","protected":false},"excerpt":{"rendered":"<p>RDV sur le site d\u00e9di\u00e9 en cliquant ICI N\u00e9s pour \u00eatre Tu\u00e9s \u00e0 cause de leur FOURRURE Les visons n&rsquo;en peuvent plus, et nous non plus ! &nbsp; La population ne veut plus de ces fermes concentrationnaires de la mort. Saviez-vous qu&rsquo;en France aujourd&rsquo;hui, il existe des \u00e9levages de visons ? Voulez-vous voir \u00e0 quoi<a class=\"wp-block-latest-posts__read-more\" href=\"https:\/\/combactive.fr\/?p=4618\"> Voir plus +<\/a><\/p>\n","protected":false},"author":1,"featured_media":24774,"comment_status":"closed","ping_status":"closed","sticky":false,"template":"","format":"standard","meta":{"_acf_changed":false,"footnotes":""},"categories":[7,28],"tags":[],"class_list":["post-4618","post","type-post","status-publish","format-standard","has-post-thumbnail","hentry","category-fourrure","category-manifestations"],"acf":[],"_links":{"self":[{"href":"https:\/\/combactive.fr\/index.php?rest_route=\/wp\/v2\/posts\/4618","targetHints":{"allow":["GET"]}}],"collection":[{"href":"https:\/\/combactive.fr\/index.php?rest_route=\/wp\/v2\/posts"}],"about":[{"href":"https:\/\/combactive.fr\/index.php?rest_route=\/wp\/v2\/types\/post"}],"author":[{"embeddable":true,"href":"https:\/\/combactive.fr\/index.php?rest_route=\/wp\/v2\/users\/1"}],"replies":[{"embeddable":true,"href":"https:\/\/combactive.fr\/index.php?rest_route=%2Fwp%2Fv2%2Fcomments&post=4618"}],"version-history":[{"count":0,"href":"https:\/\/combactive.fr\/index.php?rest_route=\/wp\/v2\/posts\/4618\/revisions"}],"wp:featuredmedia":[{"embeddable":true,"href":"https:\/\/combactive.fr\/index.php?rest_route=\/wp\/v2\/media\/24774"}],"wp:attachment":[{"href":"https:\/\/combactive.fr\/index.php?rest_route=%2Fwp%2Fv2%2Fmedia&parent=4618"}],"wp:term":[{"taxonomy":"category","embeddable":true,"href":"https:\/\/combactive.fr\/index.php?rest_route=%2Fwp%2Fv2%2Fcategories&post=4618"},{"taxonomy":"post_tag","embeddable":true,"href":"https:\/\/combactive.fr\/index.php?rest_route=%2Fwp%2Fv2%2Ftags&post=4618"}],"curies":[{"name":"wp","href":"https:\/\/api.w.org\/{rel}","templated":true}]}}