{"id":4729,"date":"2019-10-13T18:58:57","date_gmt":"2019-10-13T16:58:57","guid":{"rendered":"https:\/\/old.combactive.fr\/?p=4729"},"modified":"2019-10-13T18:58:57","modified_gmt":"2019-10-13T16:58:57","slug":"merci-a-tous","status":"publish","type":"post","link":"https:\/\/combactive.fr\/?p=4729","title":{"rendered":"MERCI \u00e0 TOUS"},"content":{"rendered":"<p><span id=\"fbPhotoSnowliftCaption\" class=\"fbPhotosPhotoCaption\" tabindex=\"0\" aria-live=\"polite\" data-ft=\"{&quot;tn&quot;:&quot;K&quot;}\"><span class=\"hasCaption\">Combactive remercie tous les b\u00e9n\u00e9voles qui ont fil\u00e9 un coup de main et du temps sur les 2 soir\u00e9es Big up aux combactives, aux potes et aux potes de potes pour la bouffe et la buvette.<br \/>\nMerci \u00e0 tous de vous \u00eatre montr\u00e9 dispos et pour votre bonne humeur en toute circonstance.<\/span><\/span><\/p>\n<p>Le week end du 11 et 12 Octobre,ON FESTIVALait \u00e0 Pontarlier, deux jours de f\u00eate, o\u00f9 Combactive a fait briller la buvette du Festidiff avec une cuisine d&rsquo;exception (local, maison, BIO et VG), c&rsquo;\u00e9tait un\u00a0 rendez vous incontournable \u00e0 la salle Pourny, \u00e0 Pontarlier, avec une brochette d&rsquo;artistes magnifique. Merci \u00e0 Espace Mont d&rsquo;Or pour ce partenariat.<br \/>\n<a href=\"http:\/\/l.facebook.com\/l.php?u=http%3A%2F%2Fwww.festi-diff.fr%2F%3Ffbclid%3DIwAR13sAB8-L6x0qHkUUvVS3PuyJDhBW0eoybOrx1qqkI61Dw9H8h40dEwWoc&amp;h=AT1pVzD94RvxJFhmvfjgfzc8_LT35wMCfFdsF2W352CXZm9FMunelG4LmQ1hi8bZvnoAUHrE8Y96zl6bDQN41zP-c0fHtJhf2CScxnWS50ty1vHshTHFNxdzvBzN4oF8HWdOQZrzV4x0L59FsMt4VagOaJmE_IK98Xnepw5iyk9lIA9t2fPVJw7Te4wOovXSCb6DiWvDwDkdTim76B53Oxd-mB7HjSUbPSxfFOtWz4dBs-kB9Y2sPsnRKgDUojQxzors1M-5ThadhXous3QpNNhZXdKHkwy8Q0iDBLlDiGcEwGZaKB-0aRkYyBbfhU2OowIpEqcdFdgYvUI-acIcrhQh72zmRXgfAeWjpmb_v1yaugWX9GbLDq3rW5EGHqwnC5POPhB8zLwqoPv2LvXn6xxIbTAIGLzVdZBuQHkABe6S2AJyObVARKaEUxXo8SN7XmDCHvl5Ukm_c756y3w_a29pvqBq09QxIklkk31FKWnMalg3_On4wU2cxid_6C4o4AZZ40ZvfridgUy_zZw9hqz7-NOEwP5-lu1pWEOCy71_0P362WtCCAa-ffmC-ZWsOysz6ENeAk6KlJpqMzZieqyoT4RmhJPaIAd4BndbkuQeLUGYh2RbCH0qKYWRTCICp2IPtW76BGQ0wIeIDikfRQ\" target=\"_blank\" rel=\"noopener nofollow\" data-ft=\"{&quot;tn&quot;:&quot;-U&quot;}\" data-lynx-mode=\"async\">http:\/\/www.festi-diff.fr\/<\/a><\/p>\n","protected":false},"excerpt":{"rendered":"<p>Combactive remercie tous les b\u00e9n\u00e9voles qui ont fil\u00e9 un coup de main et du temps sur les 2 soir\u00e9es Big up aux combactives, aux potes et aux potes de potes pour la bouffe et la buvette. Merci \u00e0 tous de vous \u00eatre montr\u00e9 dispos et pour votre bonne humeur en toute circonstance. Le week end<a class=\"wp-block-latest-posts__read-more\" href=\"https:\/\/combactive.fr\/?p=4729\"> Voir plus +<\/a><\/p>\n","protected":false},"author":1,"featured_media":25288,"comment_status":"closed","ping_status":"closed","sticky":false,"template":"","format":"standard","meta":{"_acf_changed":false,"footnotes":""},"categories":[30],"tags":[],"class_list":["post-4729","post","type-post","status-publish","format-standard","has-post-thumbnail","hentry","category-festidiff"],"acf":[],"_links":{"self":[{"href":"https:\/\/combactive.fr\/index.php?rest_route=\/wp\/v2\/posts\/4729","targetHints":{"allow":["GET"]}}],"collection":[{"href":"https:\/\/combactive.fr\/index.php?rest_route=\/wp\/v2\/posts"}],"about":[{"href":"https:\/\/combactive.fr\/index.php?rest_route=\/wp\/v2\/types\/post"}],"author":[{"embeddable":true,"href":"https:\/\/combactive.fr\/index.php?rest_route=\/wp\/v2\/users\/1"}],"replies":[{"embeddable":true,"href":"https:\/\/combactive.fr\/index.php?rest_route=%2Fwp%2Fv2%2Fcomments&post=4729"}],"version-history":[{"count":0,"href":"https:\/\/combactive.fr\/index.php?rest_route=\/wp\/v2\/posts\/4729\/revisions"}],"wp:featuredmedia":[{"embeddable":true,"href":"https:\/\/combactive.fr\/index.php?rest_route=\/wp\/v2\/media\/25288"}],"wp:attachment":[{"href":"https:\/\/combactive.fr\/index.php?rest_route=%2Fwp%2Fv2%2Fmedia&parent=4729"}],"wp:term":[{"taxonomy":"category","embeddable":true,"href":"https:\/\/combactive.fr\/index.php?rest_route=%2Fwp%2Fv2%2Fcategories&post=4729"},{"taxonomy":"post_tag","embeddable":true,"href":"https:\/\/combactive.fr\/index.php?rest_route=%2Fwp%2Fv2%2Ftags&post=4729"}],"curies":[{"name":"wp","href":"https:\/\/api.w.org\/{rel}","templated":true}]}}