{"id":4732,"date":"2019-11-06T19:40:25","date_gmt":"2019-11-06T17:40:25","guid":{"rendered":"https:\/\/old.combactive.fr\/?p=4732"},"modified":"2019-11-06T19:40:25","modified_gmt":"2019-11-06T17:40:25","slug":"collecte-alimentaire-2","status":"publish","type":"post","link":"https:\/\/combactive.fr\/?p=4732","title":{"rendered":"Collecte alimentaire"},"content":{"rendered":"<p><a href=\"http:\/\/combactive.fr\/wp-content\/uploads\/2019\/11\/Post-Facebook-femme-mode-\u00e9thique-3.png\"><img loading=\"lazy\" decoding=\"async\" class=\"alignleft  wp-image-4766\" src=\"http:\/\/combactive.fr\/wp-content\/uploads\/2019\/11\/Post-Facebook-femme-mode-\u00e9thique-3-700x587.png\" alt=\"\" width=\"273\" height=\"229\" \/><\/a>Combactive et l\u2019\u00e9quipe de b\u00e9n\u00e9voles tenons \u00e0 remercier les donateurs pour les dons alimentaires lors de la collecte, les 1<sup>er<\/sup> et 2 Novembre au Cora \u00e0 Perrigny L\u00e8s Dijon.<\/p>\n<p>Vous avez \u00e9t\u00e9 tr\u00e8s g\u00e9n\u00e9reux, 1 tonne 2 r\u00e9colt\u00e9e.<\/p>\n<p>Cette pr\u00e9cieuse marchandise va \u00eatre redistribu\u00e9e sur les diff\u00e9rentes cantines de chats errants, chiens dans la pr\u00e9carit\u00e9, abandonn\u00e9s ou maltrait\u00e9s, et sans oublier les abandonn\u00e9s et malades, chats et lapins. Nous remercions \u00e9galement le magasin et tout particuli\u00e8rement Fabien (pour les affiches), Romain (pour les fruits et l\u00e9gumes en fin de vie qui ont servis \u00e0 faire les jus), et David, responsable du rayon animalerie pour ce partenariat r\u00e9ussi, sa mise \u00e0 disposition des produits pour la fabrication des cr\u00eapes bio et vegan a \u00e9t\u00e9 un franc succ\u00e8s.<\/p>\n<p>Le meilleur pour la fin, merci \u00e0 tous les b\u00e9n\u00e9voles d\u2019avoir pris du temps pour cette collecte, BIG UP \u00e0 vous tous.<\/p>\n<p><a href=\"http:\/\/combactive.fr\/wp-content\/uploads\/2019\/11\/collecte-1.png\"><img decoding=\"async\" class=\"alignleft size-large wp-image-4756\" src=\"http:\/\/combactive.fr\/wp-content\/uploads\/2019\/11\/collecte-1-700x587.png\" alt=\"\" \/><\/a><\/p>\n","protected":false},"excerpt":{"rendered":"<p>Combactive et l\u2019\u00e9quipe de b\u00e9n\u00e9voles tenons \u00e0 remercier les donateurs pour les dons alimentaires lors de la collecte, les 1er et 2 Novembre au Cora \u00e0 Perrigny L\u00e8s Dijon. Vous avez \u00e9t\u00e9 tr\u00e8s g\u00e9n\u00e9reux, 1 tonne 2 r\u00e9colt\u00e9e. Cette pr\u00e9cieuse marchandise va \u00eatre redistribu\u00e9e sur les diff\u00e9rentes cantines de chats errants, chiens dans la pr\u00e9carit\u00e9,<a class=\"wp-block-latest-posts__read-more\" href=\"https:\/\/combactive.fr\/?p=4732\"> Voir plus +<\/a><\/p>\n","protected":false},"author":1,"featured_media":25299,"comment_status":"closed","ping_status":"closed","sticky":false,"template":"","format":"standard","meta":{"_acf_changed":false,"footnotes":""},"categories":[21],"tags":[],"class_list":["post-4732","post","type-post","status-publish","format-standard","has-post-thumbnail","hentry","category-collecte-et-redistribution"],"acf":[],"_links":{"self":[{"href":"https:\/\/combactive.fr\/index.php?rest_route=\/wp\/v2\/posts\/4732","targetHints":{"allow":["GET"]}}],"collection":[{"href":"https:\/\/combactive.fr\/index.php?rest_route=\/wp\/v2\/posts"}],"about":[{"href":"https:\/\/combactive.fr\/index.php?rest_route=\/wp\/v2\/types\/post"}],"author":[{"embeddable":true,"href":"https:\/\/combactive.fr\/index.php?rest_route=\/wp\/v2\/users\/1"}],"replies":[{"embeddable":true,"href":"https:\/\/combactive.fr\/index.php?rest_route=%2Fwp%2Fv2%2Fcomments&post=4732"}],"version-history":[{"count":0,"href":"https:\/\/combactive.fr\/index.php?rest_route=\/wp\/v2\/posts\/4732\/revisions"}],"wp:featuredmedia":[{"embeddable":true,"href":"https:\/\/combactive.fr\/index.php?rest_route=\/wp\/v2\/media\/25299"}],"wp:attachment":[{"href":"https:\/\/combactive.fr\/index.php?rest_route=%2Fwp%2Fv2%2Fmedia&parent=4732"}],"wp:term":[{"taxonomy":"category","embeddable":true,"href":"https:\/\/combactive.fr\/index.php?rest_route=%2Fwp%2Fv2%2Fcategories&post=4732"},{"taxonomy":"post_tag","embeddable":true,"href":"https:\/\/combactive.fr\/index.php?rest_route=%2Fwp%2Fv2%2Ftags&post=4732"}],"curies":[{"name":"wp","href":"https:\/\/api.w.org\/{rel}","templated":true}]}}