{"id":4823,"date":"2020-02-05T16:31:31","date_gmt":"2020-02-05T14:31:31","guid":{"rendered":"https:\/\/old.combactive.fr\/?p=4823"},"modified":"2026-02-20T14:22:59","modified_gmt":"2026-02-20T14:22:59","slug":"journee-contre-la-fourrure-a-besancon","status":"publish","type":"post","link":"https:\/\/combactive.fr\/?p=4823","title":{"rendered":"Journ\u00e9e contre la Fourrure \u00e0 Besan\u00e7on"},"content":{"rendered":"<hr \/>\n<p><a href=\"http:\/\/combactive.fr\/wp-content\/uploads\/2020\/02\/journ\u00e9e-sans-fourrure-1.jpg\"><img loading=\"lazy\" decoding=\"async\" class=\"alignleft wp-image-4824\" src=\"http:\/\/combactive.fr\/wp-content\/uploads\/2020\/02\/journ\u00e9e-sans-fourrure-1-700x394.jpg\" alt=\"\" width=\"359\" height=\"202\" \/><\/a><strong>Le samedi 22 F\u00e9vrier, VENEZ NOUS RENCONTRER<\/strong><\/p>\n<p>Action pour montrer le ridicule de porter de la Fourrure.<\/p>\n<p>Au programme, stand d&rsquo;information et stand d&rsquo;alimentation vegan, venez nombreux soutenir cette action et d\u00e9guster frites fra\u00eeches, cr\u00eapes et \u00ab\u00a0Oignions bhajis\u00a0\u00bb.<\/p>\n<p>Cette journ\u00e9e est l&rsquo;occasion pour chacun d&rsquo;entres nous de montrer notre opposition face \u00e0 ce commerce qui exploite les animaux \u00e0 fourrure<br \/>\nCette action permet d&rsquo;alerter le public sur les dessous sordides de cette mode d\u00e9pourvue de toute \u00e9thique.<\/p>\n<p>Venez nous rencontrer, venez participer \u00e0 nos c\u00f4t\u00e9s.<br \/>\nSamedi 22 F\u00e9vrier de 11h00 \u00e0 18h00<a href=\"http:\/\/combactive.fr\/wp-content\/uploads\/2020\/02\/journ\u00e9e-sans-fourrure-1.jpg\"><br \/>\n<\/a><\/p>\n<p><a href=\"http:\/\/www.facebook.com\/events\/1030256120686143\/\" target=\"<span style=\"font-size:0px; color:#ff0000;\">\ufeff<a href=\"http:\/\/www.cialisaoe.com\/\">\u7280\u5229\u58eb<\/a><br \/>\n<\/span>_blank\u00a0\u00bb rel=\u00a0\u00bbnoopener\u00a0\u00bb>Lien FB \u00e9v\u00e8nement :\u00a0<span style=\"color: #ff0000;\"><strong>http:\/\/www.facebook.com\/events\/1030256120686143\/<\/strong><\/span><\/a><\/p>\n\n\n<figure class=\"wp-block-image size-full\"><img loading=\"lazy\" decoding=\"async\" width=\"468\" height=\"602\" src=\"http:\/\/combactive.fr\/wp-content\/uploads\/2026\/01\/presentation-1-1536x2048.jpg.png\" alt=\"\" class=\"wp-image-22070\" srcset=\"https:\/\/combactive.fr\/wp-content\/uploads\/2026\/01\/presentation-1-1536x2048.jpg.png 468w, https:\/\/combactive.fr\/wp-content\/uploads\/2026\/01\/presentation-1-1536x2048.jpg-233x300.png 233w, https:\/\/combactive.fr\/wp-content\/uploads\/2026\/01\/presentation-1-1536x2048.jpg-62x80.png 62w, https:\/\/combactive.fr\/wp-content\/uploads\/2026\/01\/presentation-1-1536x2048.jpg-311x400.png 311w\" sizes=\"auto, (max-width: 468px) 100vw, 468px\" \/><\/figure>\n","protected":false},"excerpt":{"rendered":"<p>Le samedi 22 F\u00e9vrier, VENEZ NOUS RENCONTRER Action pour montrer le ridicule de porter de la Fourrure. Au programme, stand d&rsquo;information et stand d&rsquo;alimentation vegan, venez nombreux soutenir cette action et d\u00e9guster frites fra\u00eeches, cr\u00eapes et \u00ab\u00a0Oignions bhajis\u00a0\u00bb. Cette journ\u00e9e est l&rsquo;occasion pour chacun d&rsquo;entres nous de montrer notre opposition face \u00e0 ce commerce qui<a class=\"wp-block-latest-posts__read-more\" href=\"https:\/\/combactive.fr\/?p=4823\"> Voir plus +<\/a><\/p>\n","protected":false},"author":1,"featured_media":25310,"comment_status":"closed","ping_status":"closed","sticky":false,"template":"","format":"standard","meta":{"_acf_changed":false,"footnotes":""},"categories":[7,28],"tags":[],"class_list":["post-4823","post","type-post","status-publish","format-standard","has-post-thumbnail","hentry","category-fourrure","category-manifestations"],"acf":[],"_links":{"self":[{"href":"https:\/\/combactive.fr\/index.php?rest_route=\/wp\/v2\/posts\/4823","targetHints":{"allow":["GET"]}}],"collection":[{"href":"https:\/\/combactive.fr\/index.php?rest_route=\/wp\/v2\/posts"}],"about":[{"href":"https:\/\/combactive.fr\/index.php?rest_route=\/wp\/v2\/types\/post"}],"author":[{"embeddable":true,"href":"https:\/\/combactive.fr\/index.php?rest_route=\/wp\/v2\/users\/1"}],"replies":[{"embeddable":true,"href":"https:\/\/combactive.fr\/index.php?rest_route=%2Fwp%2Fv2%2Fcomments&post=4823"}],"version-history":[{"count":2,"href":"https:\/\/combactive.fr\/index.php?rest_route=\/wp\/v2\/posts\/4823\/revisions"}],"predecessor-version":[{"id":25478,"href":"https:\/\/combactive.fr\/index.php?rest_route=\/wp\/v2\/posts\/4823\/revisions\/25478"}],"wp:featuredmedia":[{"embeddable":true,"href":"https:\/\/combactive.fr\/index.php?rest_route=\/wp\/v2\/media\/25310"}],"wp:attachment":[{"href":"https:\/\/combactive.fr\/index.php?rest_route=%2Fwp%2Fv2%2Fmedia&parent=4823"}],"wp:term":[{"taxonomy":"category","embeddable":true,"href":"https:\/\/combactive.fr\/index.php?rest_route=%2Fwp%2Fv2%2Fcategories&post=4823"},{"taxonomy":"post_tag","embeddable":true,"href":"https:\/\/combactive.fr\/index.php?rest_route=%2Fwp%2Fv2%2Ftags&post=4823"}],"curies":[{"name":"wp","href":"https:\/\/api.w.org\/{rel}","templated":true}]}}