{"id":4850,"date":"2020-02-20T07:57:28","date_gmt":"2020-02-20T05:57:28","guid":{"rendered":"https:\/\/old.combactive.fr\/?p=4850"},"modified":"2026-02-23T11:01:48","modified_gmt":"2026-02-23T11:01:48","slug":"operation-ramassage-des-dechets","status":"publish","type":"post","link":"https:\/\/combactive.fr\/?p=4850","title":{"rendered":"Op\u00e9ration ramassage des d\u00e9chets"},"content":{"rendered":"<h1><\/h1>\n<h1><\/h1>\n<p><img loading=\"lazy\" decoding=\"async\" class=\"alignleft wp-image-4863\" src=\"http:\/\/combactive.fr\/wp-content\/uploads\/2020\/02\/Flyers-d\u00e9chets1-700x495.jpg\" alt=\"\" width=\"296\" height=\"209\" \/><\/p>\n<h1>Le dimanche 8<span style=\"color: #339966;\">\u00a0Mars<\/span>, \u00e0 <span style=\"color: #339966;\">9h30<\/span>, rendez &#8211; vous sur le <span style=\"color: #339966;\">parking du terrain de p\u00e9tanque<\/span> (\u00e0 cot\u00e9 du terrain de foot) de <span style=\"color: #339966;\">Neuilly L\u00e8s Dijon<\/span>, pour tous ensemble ramasser les d\u00e9chets sur les berges de l&rsquo;Ouche.<\/h1>\n<h1><img loading=\"lazy\" decoding=\"async\" class=\"alignleft wp-image-4864\" src=\"http:\/\/combactive.fr\/wp-content\/uploads\/2020\/02\/Flyers-d\u00e9chets-2-700x495.jpg\" alt=\"\" width=\"297\" height=\"209\" \/>Cette action permet de sensibiliser \u00e0 l&rsquo;environnement, et plus particuli\u00e8rement \u00e0 la probl\u00e9matique des d\u00e9chets.<\/h1>\n<h1>Je vous invite \u00e0 <strong><span style=\"color: #339966;\">t\u00e9l\u00e9charger le document<\/span><\/strong> suivant pour avoir des informations sur la journ\u00e9e.<\/h1>\n<h1>N&rsquo;h\u00e9sitez pas \u00e0 nous contacter <span style=\"color: #339966;\"><strong>(0631217742)<\/strong>\u00a0<\/span><\/h1>\n<h1><span style=\"color: #ff0000;\"><strong><a style=\"color: #ff0000;\" href=\"http:\/\/combactive.fr\/wp-content\/uploads\/2020\/02\/Flyers-telecharg-dim.pdf\">Flyers \u00e0 t\u00e9l\u00e9charger (version PDF)<\/a><\/strong><\/span><\/h1>\n","protected":false},"excerpt":{"rendered":"<p>Le dimanche 8\u00a0Mars, \u00e0 9h30, rendez &#8211; vous sur le parking du terrain de p\u00e9tanque (\u00e0 cot\u00e9 du terrain de foot) de Neuilly L\u00e8s Dijon, pour tous ensemble ramasser les d\u00e9chets sur les berges de l&rsquo;Ouche. Cette action permet de sensibiliser \u00e0 l&rsquo;environnement, et plus particuli\u00e8rement \u00e0 la probl\u00e9matique des d\u00e9chets. Je vous invite \u00e0<a class=\"wp-block-latest-posts__read-more\" href=\"https:\/\/combactive.fr\/?p=4850\"> Voir plus +<\/a><\/p>\n","protected":false},"author":1,"featured_media":25313,"comment_status":"closed","ping_status":"closed","sticky":false,"template":"","format":"standard","meta":{"_acf_changed":false,"footnotes":""},"categories":[13],"tags":[],"class_list":["post-4850","post","type-post","status-publish","format-standard","has-post-thumbnail","hentry","category-ramassagedechets"],"acf":[],"_links":{"self":[{"href":"https:\/\/combactive.fr\/index.php?rest_route=\/wp\/v2\/posts\/4850","targetHints":{"allow":["GET"]}}],"collection":[{"href":"https:\/\/combactive.fr\/index.php?rest_route=\/wp\/v2\/posts"}],"about":[{"href":"https:\/\/combactive.fr\/index.php?rest_route=\/wp\/v2\/types\/post"}],"author":[{"embeddable":true,"href":"https:\/\/combactive.fr\/index.php?rest_route=\/wp\/v2\/users\/1"}],"replies":[{"embeddable":true,"href":"https:\/\/combactive.fr\/index.php?rest_route=%2Fwp%2Fv2%2Fcomments&post=4850"}],"version-history":[{"count":2,"href":"https:\/\/combactive.fr\/index.php?rest_route=\/wp\/v2\/posts\/4850\/revisions"}],"predecessor-version":[{"id":25511,"href":"https:\/\/combactive.fr\/index.php?rest_route=\/wp\/v2\/posts\/4850\/revisions\/25511"}],"wp:featuredmedia":[{"embeddable":true,"href":"https:\/\/combactive.fr\/index.php?rest_route=\/wp\/v2\/media\/25313"}],"wp:attachment":[{"href":"https:\/\/combactive.fr\/index.php?rest_route=%2Fwp%2Fv2%2Fmedia&parent=4850"}],"wp:term":[{"taxonomy":"category","embeddable":true,"href":"https:\/\/combactive.fr\/index.php?rest_route=%2Fwp%2Fv2%2Fcategories&post=4850"},{"taxonomy":"post_tag","embeddable":true,"href":"https:\/\/combactive.fr\/index.php?rest_route=%2Fwp%2Fv2%2Ftags&post=4850"}],"curies":[{"name":"wp","href":"https:\/\/api.w.org\/{rel}","templated":true}]}}