{"id":4979,"date":"2020-10-16T16:55:50","date_gmt":"2020-10-16T14:55:50","guid":{"rendered":"https:\/\/old.combactive.fr\/?p=4979"},"modified":"2020-10-16T16:55:50","modified_gmt":"2020-10-16T14:55:50","slug":"audience-sur-le-devenir-de-lelevage-de-visons","status":"publish","type":"post","link":"https:\/\/combactive.fr\/?p=4979","title":{"rendered":"Audience sur le devenir de l&rsquo;\u00e9levage de visons"},"content":{"rendered":"<div class=\"kvgmc6g5 cxmmr5t8 oygrvhab hcukyx3x c1et5uql\"><a href=\"http:\/\/combactive.fr\/wp-content\/uploads\/2020\/10\/fb-tad.jpg\"><img loading=\"lazy\" decoding=\"async\" class=\"alignleft  wp-image-4981\" src=\"http:\/\/combactive.fr\/wp-content\/uploads\/2020\/10\/fb-tad-700x587.jpg\" alt=\"\" width=\"402\" height=\"337\" \/><\/a>Voici les informations suite \u00e0 l\u2019audience d\u2019hier qui devait statuer sur le devenir de l\u2019\u00e9levage de visons de Montarlot les Rioz (70).<br \/>\nLes diff\u00e9rents m\u00e9moires de notre avocate ont \u00e9t\u00e9 pris en compte avec la plus grande attention par le juge et par le rapporteur public.<br \/>\n<u>La qualit\u00e9 du travail fourni par notre avocate nous a permis de n\u2019avoir aucune remarque n\u00e9gative.<\/u><br \/>\nLa d\u00e9cision du juge n\u2019a pas \u00e9t\u00e9 rendue hier. Elle a \u00e9t\u00e9 mise en <u>d\u00e9lib\u00e9r\u00e9 pour mi-novembre<\/u> au plus tard.<\/p>\n<p><u>Mais <\/u><u>la tr\u00e8s bonne nouvelle, c\u2019est que les conclusions du rapporteur public vont absolument dans\u00a0<\/u><u>notre sens et rel\u00e8vent bien tous les points que nous avons mis en exergue.<b><br \/>\nIl demande l&rsquo;annulation totale ou partielle de l&rsquo;autorisation d&rsquo;exploiter 7700 visons !<br \/>\n<\/b><\/u><br \/>\nNous reviendrons donc tr\u00e8s prochainement vous transmettre imm\u00e9diatement les derni\u00e8res nouvelles.<\/p>\n<p><i><\/i><\/div>\n<div><\/div>\n<div class=\"kvgmc6g5 cxmmr5t8 oygrvhab hcukyx3x c1et5uql\"><i>Les vid\u00e9os-chocs \u00e0 la t\u00e9l\u00e9vision servent \u00e0 informer le grand public<\/i><i><br \/>\n<\/i><i>Nos actions devant les tribunaux servent \u00e0 fermer les \u00e9levages polluants et potentiellement polluants<\/i><i><br \/>\n<\/i><i>qui exploitent des milliers d\u2019animaux.<\/i><br \/>\n***********************<\/p>\n<\/div>\n","protected":false},"excerpt":{"rendered":"<p>Voici les informations suite \u00e0 l\u2019audience d\u2019hier qui devait statuer sur le devenir de l\u2019\u00e9levage de visons de Montarlot les Rioz (70). Les diff\u00e9rents m\u00e9moires de notre avocate ont \u00e9t\u00e9 pris en compte avec la plus grande attention par le juge et par le rapporteur public. La qualit\u00e9 du travail fourni par notre avocate nous<a class=\"wp-block-latest-posts__read-more\" href=\"https:\/\/combactive.fr\/?p=4979\"> Voir plus +<\/a><\/p>\n","protected":false},"author":1,"featured_media":25397,"comment_status":"closed","ping_status":"closed","sticky":false,"template":"","format":"standard","meta":{"_acf_changed":false,"footnotes":""},"categories":[7],"tags":[],"class_list":["post-4979","post","type-post","status-publish","format-standard","has-post-thumbnail","hentry","category-fourrure"],"acf":[],"_links":{"self":[{"href":"https:\/\/combactive.fr\/index.php?rest_route=\/wp\/v2\/posts\/4979","targetHints":{"allow":["GET"]}}],"collection":[{"href":"https:\/\/combactive.fr\/index.php?rest_route=\/wp\/v2\/posts"}],"about":[{"href":"https:\/\/combactive.fr\/index.php?rest_route=\/wp\/v2\/types\/post"}],"author":[{"embeddable":true,"href":"https:\/\/combactive.fr\/index.php?rest_route=\/wp\/v2\/users\/1"}],"replies":[{"embeddable":true,"href":"https:\/\/combactive.fr\/index.php?rest_route=%2Fwp%2Fv2%2Fcomments&post=4979"}],"version-history":[{"count":0,"href":"https:\/\/combactive.fr\/index.php?rest_route=\/wp\/v2\/posts\/4979\/revisions"}],"wp:featuredmedia":[{"embeddable":true,"href":"https:\/\/combactive.fr\/index.php?rest_route=\/wp\/v2\/media\/25397"}],"wp:attachment":[{"href":"https:\/\/combactive.fr\/index.php?rest_route=%2Fwp%2Fv2%2Fmedia&parent=4979"}],"wp:term":[{"taxonomy":"category","embeddable":true,"href":"https:\/\/combactive.fr\/index.php?rest_route=%2Fwp%2Fv2%2Fcategories&post=4979"},{"taxonomy":"post_tag","embeddable":true,"href":"https:\/\/combactive.fr\/index.php?rest_route=%2Fwp%2Fv2%2Ftags&post=4979"}],"curies":[{"name":"wp","href":"https:\/\/api.w.org\/{rel}","templated":true}]}}