{"id":5096,"date":"2021-03-05T09:07:25","date_gmt":"2021-03-05T07:07:25","guid":{"rendered":"https:\/\/old.combactive.fr\/?p=5096"},"modified":"2021-03-05T09:07:25","modified_gmt":"2021-03-05T07:07:25","slug":"visio-le-9-mars-a-18h30-le-loup-revient-chez-lui","status":"publish","type":"post","link":"https:\/\/combactive.fr\/?p=5096","title":{"rendered":"Visio le 9 mars \u00e0 18h30, le loup revient chez lui"},"content":{"rendered":"<p><a href=\"http:\/\/combactive.fr\/wp-content\/uploads\/2021\/03\/Post-Instagram-loup-chez-lui-.png\"><img loading=\"lazy\" decoding=\"async\" class=\"alignleft wp-image-5098\" src=\"http:\/\/combactive.fr\/wp-content\/uploads\/2021\/03\/Post-Instagram-loup-chez-lui--700x700.png\" alt=\"\" width=\"359\" height=\"359\" \/><\/a><\/p>\n<h1><span style=\"color: #339966;\"><strong>LIEN DE L&rsquo;EVENEMENT FB pour retrouver le lien zoom pour\u00a0 suivre la conf\u00e9rence le 9 mars \u00e0 18h30<\/strong><\/span><\/h1>\n<p><span style=\"color: #0000ff;\"><a style=\"color: #0000ff;\" href=\"https:\/\/www.facebook.com\/events\/1157943144686938\/?active_tab=about\">https:\/\/www.facebook.com\/events\/1157943144686938\/?active_tab=about<\/a><\/span><\/p>\n<p>*En Bourgogne Franche-Comt\u00e9, le LOUP est l\u00e0. Il est de retour chez lui.<br \/>\nFace \u00e0 son retour sur nos territoires des solutions durables doivent \u00eatre mises en place.<br \/>\nLes abattages syst\u00e9matiques ne sont pas tol\u00e9rables.<br \/>\nCombactive demande \u00e0 int\u00e9grer le groupe d\u2019\u00e9tude.<br \/>\nLa pr\u00e9fecture de C\u00f4te d\u2019Or ne r\u00e9pond \u00e0 aucune sollicitation (c\u2019est plut\u00f4t m\u00e9prisant).<br \/>\nAlors le d\u00e9bat est l\u00e9gitimement amen\u00e9 sur la place publique.<br \/>\n*Le 9 mars \u00e0 18h30, en visioconf\u00e9rence, application ZOOM.<br \/>\nLe lien sera communiqu\u00e9 ult\u00e9rieurement \u00e0 celles et ceux souhaitant assister \u00e0 la r\u00e9union.<br \/>\nUne table ronde est organis\u00e9e avec tous les repr\u00e9sentants concern\u00e9s (avec ou sans la pr\u00e9fecture ?)<br \/>\nLes invit\u00e9s seront des sp\u00e9cialistes de la fauve sauvage locale et de la ruralit\u00e9, des r\u00e9alisateurs cin\u00e9matographiques, des \u00e9leveurs qui ont mis en place un syst\u00e8me de protection efficace de leurs troupeaux, un ancien membre du minist\u00e8re de l\u2019Environnement sans oublier quelques politiques locaux, nationaux et europ\u00e9ens.<br \/>\nFini les excuses et les pr\u00e9textes.<br \/>\nEnsemble nous trouverons les bonnes solutions !<\/p>\n<h1><span style=\"color: #339966;\"><strong>Dans la vid\u00e9o qui suit, d\u00e9couvrez qui seront les invit\u00e9s de cette visio-conf\u00e9rence :<\/strong>\u00a0<\/span><\/h1>\n<p><iframe loading=\"lazy\" title=\"Visio conf\u00e9rence 9 mars \u00e0 18h30\" width=\"500\" height=\"375\" src=\"https:\/\/www.youtube.com\/embed\/xNZfJYy9aNw?feature=oembed\" frameborder=\"0\" allow=\"accelerometer; autoplay; clipboard-write; encrypted-media; gyroscope; picture-in-picture; web-share\" referrerpolicy=\"strict-origin-when-cross-origin\" allowfullscreen><\/iframe><\/p>\n<h1><span style=\"color: #339966;\"><strong>Lettre ouverte de Combactive \u00e0 Fabien Sudry, Pr\u00e9fet de la C\u00f4te d&rsquo;Or<\/strong><\/span><\/h1>\n<p>Monsieur le Pr\u00e9fet,<\/p>\n<p>\u00ab\u00a0Combactive est une association de la loi de 1901 cr\u00e9\u00e9e en 2008 et d\u00e9clar\u00e9e en pr\u00e9fecture qui a pour objet social la protection des animaux et de la nature en Bourgogne Franche-Comt\u00e9.<\/p>\n<p>Dans le cadre de nos actions, nous avions sollicit\u00e9 la pr\u00e9fecture de C\u00f4te d&rsquo;Or pour vous demander d&rsquo;int\u00e9grer la cellule de veille que vous avez mise en place suite au retour du loup dans notre d\u00e9partement apr\u00e8s plusieurs d\u00e9cennies d&rsquo;absence. Le retour du loup dans notre d\u00e9partement est l&rsquo;opportunit\u00e9 d&rsquo;interroger et de retisser nos liens avec le monde animal et la faune sauvage. Cependant, bien que les d\u00e9c\u00e8s de brebis provoqu\u00e9s par la pr\u00e9sence d&rsquo;un loup en C\u00f4te d&rsquo;Or soient rest\u00e9s limit\u00e9s (9 d\u00e9c\u00e8s de brebis sur un cheptel d\u00e9partemental de 38 000 moutons) gr\u00e2ce notamment aux dispositions prises par les \u00e9leveurs pour \u00e9viter que leur troupeau ne soit effray\u00e9 et d\u00e9cim\u00e9, le retour de cette esp\u00e8ce prot\u00e9g\u00e9e reste fortement combattu par certains.<\/p>\n<p>Malgr\u00e9 notre demande officielle d&rsquo;int\u00e9grer la cellule d\u00e9partementale de veille sur le loup et malgr\u00e9 nos tr\u00e8s nombreuses relances, nous n&rsquo;avons pour l&rsquo;instant re\u00e7u aucune r\u00e9ponse de votre part. Alors que cette cellule n&rsquo;est qu&rsquo;un lieu d&rsquo;informations et d&rsquo;\u00e9change. Alors que les d\u00e9cisions concernant le loup, par exemple d&rsquo;\u00e9ventuelles autorisations de tir du loup, sont de votre ressort, M le Pr\u00e9fet, et non une d\u00e9cision de cette cellule de veille.<\/p>\n<p>Nous ne comprenons pas votre refus d&rsquo;acc\u00e9der \u00e0 notre demande. Serions-nous si intimidants face aux 24 autres structures pr\u00e9sentes (repr\u00e9sentants de l&rsquo;\u00c9tat et des collectivit\u00e9s locales, repr\u00e9sentant du monde agricole, repr\u00e9sentants associatifs au nombre de 3 sur 24 cependant parmi lesquels la f\u00e9d\u00e9ration de chasse de C\u00f4te d&rsquo;Or) ? Nous pensons au contraire que nos multiples engagements et actions ont montr\u00e9 le s\u00e9rieux de notre d\u00e9marche de pr\u00e9servation de notre biodiversit\u00e9 et notre capacit\u00e9 de dialogue.<\/p>\n<p>Notre pr\u00e9sence \u00e0 cette cellule de veille d\u00e9rangerait-elle la f\u00e9d\u00e9ration de chasse, car nous osons affirmer que le loup est un pr\u00e9dateur naturel qui participerait \u00e0 la r\u00e9gulation des esp\u00e8ces sauvages alors que les chasseurs pr\u00e9tendent s&rsquo;arroger ce monopole pour leur plaisir personnel ? Notre pr\u00e9sence d\u00e9rangerait-elle, car nous osons relayer l&rsquo;analyse des scientifiques s\u2019accordant \u00e0 dire que le pr\u00e9l\u00e8vement de quelques loups diminue certes la taille de la meute, mais pas forc\u00e9ment l\u2019aire de sa pr\u00e9dation et qu\u2019une meute bien constitu\u00e9e \u00e9vite de s\u2019approcher des zones rurales, chasse du gibier sauvage tandis que la meute \u00e9parpill\u00e9e o\u00f9 les loups erratiques perdent leurs rep\u00e8res, privil\u00e9gient des proies plus faciles et s\u2019attaquent aux troupeaux. M\u00eame si nous imaginons bien que la f\u00e9d\u00e9ration de chasse souhaiterait \u00e9viter que cette r\u00e9alit\u00e9 soit expos\u00e9e, nous estimons qu&rsquo;elle doit \u00eatre abord\u00e9e.<\/p>\n<p>Nous sommes convaincus de l&rsquo;importance et de l&rsquo;int\u00e9r\u00eat d&rsquo;une discussion argument\u00e9e et pr\u00e9cise de fa\u00e7on \u00e0 r\u00e9soudre les d\u00e9fis \u00e0 relever. Nous sommes convaincus que vous avez aussi cette exigence en tant que repr\u00e9sentant de l&rsquo;\u00c9tat en C\u00f4te d&rsquo;Or et ne comprenons pas votre absence de r\u00e9ponse. Nous sommes convaincus que nous pouvons utilement contribuer au d\u00e9bat par les diff\u00e9rents retours d&rsquo;exp\u00e9rience que nous pouvons relayer. Par exemple, nous organisons une visioconf\u00e9rence ouverte \u00e0 un tr\u00e8s large public le 9 mars pour \u00e9voquer la probl\u00e9matique du loup et mettre en avant les solutions existantes qui fonctionnent. Nous serions d&rsquo;ailleurs ravis de vous accueillir parmi nos invit\u00e9s pour que vous puissiez \u00e9voquer la position de l&rsquo;\u00c9tat.<\/p>\n<p>C\u2019est notre mani\u00e8re d\u2019agir qui se veut pacifiste et d\u00e9mocratique. Devons-nous cependant comprendre, face \u00e0 votre refus de nous r\u00e9pondre, que pour se faire entendre nous devrions plut\u00f4t d\u00e9poser quelques tonnes de fumiers devant la Pr\u00e9fecture ? Nous refusons d&rsquo;avoir ce type de pratique estimant que ce n&rsquo;est pas le mode de communication qui doit r\u00e9gir le lien avec les pouvoirs publics.<\/p>\n<p>En esp\u00e9rant vivement pouvoir prochainement contribuer utilement aux travaux de la cellule de veille sur le loup en C\u00f4te d&rsquo;Or, veuillez recevoir, Monsieur le Pr\u00e9fet, l&rsquo;expression de nos salutations respectueuses.\u00a0\u00bb<\/p>\n<h1><span style=\"color: #339966;\"><strong>La r\u00e9ponse tant attendue de la Pr\u00e9fecture ;-(<\/strong><\/span><\/h1>\n<p><a href=\"http:\/\/combactive.fr\/wp-content\/uploads\/2021\/03\/title-1614694919.jpg\"><img loading=\"lazy\" decoding=\"async\" class=\"alignleft  wp-image-5109\" src=\"http:\/\/combactive.fr\/wp-content\/uploads\/2021\/03\/title-1614694919-700x350.jpg\" alt=\"\" width=\"454\" height=\"227\" \/><\/a>Veille sur le loup : l&rsquo;association Combactive \u00e9crit une lettre ouverte au pr\u00e9fet (02 mars 2021 \u00e0 15:11, article du Bien Public)<\/p>\n<p>Dans une lettre ouverte, l&rsquo;association c\u00f4te-d&rsquo;orienne Combactive, pr\u00e9sid\u00e9e par le conseiller municipal dijonnais Fabien Robert, s&rsquo;adresse au pr\u00e9fet Fabien SUDRY pour lui demander des explications quant \u00e0 l&rsquo;absence de la structure au sein de la cellule d\u00e9partementale de veille sur le loup.<\/p>\n<p>\u00ab\u00a0Malgr\u00e9 notre demande officielle d&rsquo;int\u00e9grer la cellule d\u00e9partementale de veille sur le loup et malgr\u00e9 nos tr\u00e8s nombreuses relances, nous n&rsquo;avons pour l&rsquo;instant re\u00e7u aucune r\u00e9ponse de votre part\u00a0\u00bb, \u00e9crit Combactive. \u00ab\u00a0Alors que cette cellule n&rsquo;est qu&rsquo;un lieu d&rsquo;informations et d&rsquo;\u00e9change. Alors que les d\u00e9cisions concernant le loup, par exemple d&rsquo;\u00e9ventuelles autorisations de tir du loup, sont de votre ressort, M le Pr\u00e9fet, et non une d\u00e9cision de cette cellule de veille.\u00a0\u00bb<\/p>\n<p>Contact\u00e9e, la pr\u00e9fecture a pour sa part rappel\u00e9 que cette cellule est \u00ab\u00a0d\u00e9j\u00e0 ouverte aux associations agr\u00e9\u00e9es de protection de l&rsquo;environnement (LPO et CAPREN)\u00a0\u00bb et que le pr\u00e9fet \u00ab\u00a0n&rsquo;envisage pas d&rsquo;aller au del\u00e0\u00a0\u00bb.<\/p>\n<p>&nbsp;<\/p>\n<p>&nbsp;<\/p>\n","protected":false},"excerpt":{"rendered":"<p>LIEN DE L&rsquo;EVENEMENT FB pour retrouver le lien zoom pour\u00a0 suivre la conf\u00e9rence le 9 mars \u00e0 18h30 https:\/\/www.facebook.com\/events\/1157943144686938\/?active_tab=about *En Bourgogne Franche-Comt\u00e9, le LOUP est l\u00e0. Il est de retour chez lui. Face \u00e0 son retour sur nos territoires des solutions durables doivent \u00eatre mises en place. Les abattages syst\u00e9matiques ne sont pas tol\u00e9rables. Combactive<a class=\"wp-block-latest-posts__read-more\" href=\"https:\/\/combactive.fr\/?p=5096\"> Voir plus +<\/a><\/p>\n","protected":false},"author":1,"featured_media":25416,"comment_status":"closed","ping_status":"closed","sticky":false,"template":"","format":"standard","meta":{"_acf_changed":false,"footnotes":""},"categories":[48],"tags":[],"class_list":["post-5096","post","type-post","status-publish","format-standard","has-post-thumbnail","hentry","category-loup"],"acf":[],"_links":{"self":[{"href":"https:\/\/combactive.fr\/index.php?rest_route=\/wp\/v2\/posts\/5096","targetHints":{"allow":["GET"]}}],"collection":[{"href":"https:\/\/combactive.fr\/index.php?rest_route=\/wp\/v2\/posts"}],"about":[{"href":"https:\/\/combactive.fr\/index.php?rest_route=\/wp\/v2\/types\/post"}],"author":[{"embeddable":true,"href":"https:\/\/combactive.fr\/index.php?rest_route=\/wp\/v2\/users\/1"}],"replies":[{"embeddable":true,"href":"https:\/\/combactive.fr\/index.php?rest_route=%2Fwp%2Fv2%2Fcomments&post=5096"}],"version-history":[{"count":0,"href":"https:\/\/combactive.fr\/index.php?rest_route=\/wp\/v2\/posts\/5096\/revisions"}],"wp:featuredmedia":[{"embeddable":true,"href":"https:\/\/combactive.fr\/index.php?rest_route=\/wp\/v2\/media\/25416"}],"wp:attachment":[{"href":"https:\/\/combactive.fr\/index.php?rest_route=%2Fwp%2Fv2%2Fmedia&parent=5096"}],"wp:term":[{"taxonomy":"category","embeddable":true,"href":"https:\/\/combactive.fr\/index.php?rest_route=%2Fwp%2Fv2%2Fcategories&post=5096"},{"taxonomy":"post_tag","embeddable":true,"href":"https:\/\/combactive.fr\/index.php?rest_route=%2Fwp%2Fv2%2Ftags&post=5096"}],"curies":[{"name":"wp","href":"https:\/\/api.w.org\/{rel}","templated":true}]}}